{"id":31454,"date":"2022-01-31T12:50:54","date_gmt":"2022-01-31T11:50:54","guid":{"rendered":"https:\/\/www.amt.genova.it\/amt\/?p=31454"},"modified":"2022-01-31T12:50:54","modified_gmt":"2022-01-31T11:50:54","slug":"limitazione-al-servizio-chiama-il-bus-per-il-quartiere-collodari-a-recco","status":"publish","type":"post","link":"https:\/\/www.amt.genova.it\/amt\/limitazione-al-servizio-chiama-il-bus-per-il-quartiere-collodari-a-recco\/","title":{"rendered":"Limitazione al servizio Chiama il bus per il quartiere Collodari a Recco"},"content":{"rendered":"<p>Da mercoled\u00ec 2 febbraio a venerd\u00ec 4 marzo dalle 8:30 alle 12:30 e dalle 13:30 alle 16:30 nei giorni feriali verr\u00e0 chiusa al traffico veicolare Via Alpini d\u2019Italia a Recco pertanto il servizio a prenotazione <strong>Chiama il bus<\/strong> non sar\u00e0 attivo da\/per il Quartiere Collodari nelle fasce orarie sopraindicate.<\/p>\n ","protected":false},"excerpt":{"rendered":"Da mercoled\u00ec 2 febbraio a venerd\u00ec 4 marzo dalle 8:30 alle 12:30 e dalle 13:30 alle 16:30 nei giorni feriali verr\u00e0 chiusa al traffico veicolare Via Alpini d\u2019Italia a Recco pertanto il servizio a prenotazione Chiama il bus non sar\u00e0 attivo da\/per il Quartiere Collodari nelle fasce orarie sopraindicate.","protected":false},"author":2,"featured_media":31453,"comment_status":"closed","ping_status":"open","sticky":false,"template":"","format":"standard","meta":{"footnotes":""},"categories":[56,4,65],"tags":[],"class_list":["post-31454","post","type-post","status-publish","format-standard","has-post-thumbnail","hentry","category-homepage","category-notizie","category-provinciale","cat-56-id","cat-4-id","cat-65-id"],"_links":{"self":[{"href":"https:\/\/www.amt.genova.it\/amt\/wp-json\/wp\/v2\/posts\/31454","targetHints":{"allow":["GET"]}}],"collection":[{"href":"https:\/\/www.amt.genova.it\/amt\/wp-json\/wp\/v2\/posts"}],"about":[{"href":"https:\/\/www.amt.genova.it\/amt\/wp-json\/wp\/v2\/types\/post"}],"author":[{"embeddable":true,"href":"https:\/\/www.amt.genova.it\/amt\/wp-json\/wp\/v2\/users\/2"}],"replies":[{"embeddable":true,"href":"https:\/\/www.amt.genova.it\/amt\/wp-json\/wp\/v2\/comments?post=31454"}],"version-history":[{"count":1,"href":"https:\/\/www.amt.genova.it\/amt\/wp-json\/wp\/v2\/posts\/31454\/revisions"}],"predecessor-version":[{"id":31455,"href":"https:\/\/www.amt.genova.it\/amt\/wp-json\/wp\/v2\/posts\/31454\/revisions\/31455"}],"wp:featuredmedia":[{"embeddable":true,"href":"https:\/\/www.amt.genova.it\/amt\/wp-json\/wp\/v2\/media\/31453"}],"wp:attachment":[{"href":"https:\/\/www.amt.genova.it\/amt\/wp-json\/wp\/v2\/media?parent=31454"}],"wp:term":[{"taxonomy":"category","embeddable":true,"href":"https:\/\/www.amt.genova.it\/amt\/wp-json\/wp\/v2\/categories?post=31454"},{"taxonomy":"post_tag","embeddable":true,"href":"https:\/\/www.amt.genova.it\/amt\/wp-json\/wp\/v2\/tags?post=31454"}],"curies":[{"name":"wp","href":"https:\/\/api.w.org\/{rel}","templated":true}]}}