{"id":30917,"date":"2022-01-07T00:00:52","date_gmt":"2022-01-06T23:00:52","guid":{"rendered":"https:\/\/www.amt.genova.it\/amt\/?p=30917"},"modified":"2022-01-28T10:16:10","modified_gmt":"2022-01-28T09:16:10","slug":"trasporto-provinciale-rapallo-variazioni-al-servizio","status":"publish","type":"post","link":"https:\/\/www.amt.genova.it\/amt\/trasporto-provinciale-rapallo-variazioni-al-servizio\/","title":{"rendered":"Trasporto Provinciale &#8211; Rapallo, variazioni al servizio"},"content":{"rendered":"<p>Luned\u00ec 10, marted\u00ec 11 e mercoled\u00ec 12 gennaio dalle 21:00 alle 6:00 del giorno successivo verr\u00e0 chiuso al traffico veicolare corso Mameli, pertanto tutte le corse in transito in tale fascia oraria, giunte al capolinea di Rapallo FS percorreranno V\u00ecvia della Libert\u00e0 anzich\u00e9 via Lamarmora.<\/p>\n ","protected":false},"excerpt":{"rendered":"Luned\u00ec 10, marted\u00ec 11 e mercoled\u00ec 12 gennaio dalle 21:00 alle 6:00 del giorno successivo verr\u00e0 chiuso al traffico veicolare corso Mameli, pertanto tutte le corse in transito in tale fascia oraria, giunte al capolinea di Rapallo FS percorreranno V\u00ecvia della Libert\u00e0 anzich\u00e9 via Lamarmora.","protected":false},"author":2,"featured_media":30787,"comment_status":"closed","ping_status":"open","sticky":false,"template":"","format":"standard","meta":{"footnotes":""},"categories":[4,65],"tags":[],"class_list":["post-30917","post","type-post","status-publish","format-standard","has-post-thumbnail","hentry","category-notizie","category-provinciale","cat-4-id","cat-65-id"],"_links":{"self":[{"href":"https:\/\/www.amt.genova.it\/amt\/wp-json\/wp\/v2\/posts\/30917","targetHints":{"allow":["GET"]}}],"collection":[{"href":"https:\/\/www.amt.genova.it\/amt\/wp-json\/wp\/v2\/posts"}],"about":[{"href":"https:\/\/www.amt.genova.it\/amt\/wp-json\/wp\/v2\/types\/post"}],"author":[{"embeddable":true,"href":"https:\/\/www.amt.genova.it\/amt\/wp-json\/wp\/v2\/users\/2"}],"replies":[{"embeddable":true,"href":"https:\/\/www.amt.genova.it\/amt\/wp-json\/wp\/v2\/comments?post=30917"}],"version-history":[{"count":1,"href":"https:\/\/www.amt.genova.it\/amt\/wp-json\/wp\/v2\/posts\/30917\/revisions"}],"predecessor-version":[{"id":30918,"href":"https:\/\/www.amt.genova.it\/amt\/wp-json\/wp\/v2\/posts\/30917\/revisions\/30918"}],"wp:featuredmedia":[{"embeddable":true,"href":"https:\/\/www.amt.genova.it\/amt\/wp-json\/wp\/v2\/media\/30787"}],"wp:attachment":[{"href":"https:\/\/www.amt.genova.it\/amt\/wp-json\/wp\/v2\/media?parent=30917"}],"wp:term":[{"taxonomy":"category","embeddable":true,"href":"https:\/\/www.amt.genova.it\/amt\/wp-json\/wp\/v2\/categories?post=30917"},{"taxonomy":"post_tag","embeddable":true,"href":"https:\/\/www.amt.genova.it\/amt\/wp-json\/wp\/v2\/tags?post=30917"}],"curies":[{"name":"wp","href":"https:\/\/api.w.org\/{rel}","templated":true}]}}