{"id":30372,"date":"2021-12-08T18:39:55","date_gmt":"2021-12-08T17:39:55","guid":{"rendered":"https:\/\/www.amt.genova.it\/amt\/?p=30372"},"modified":"2021-12-08T19:51:25","modified_gmt":"2021-12-08T18:51:25","slug":"allerta-neve-aggiornamento-ore-18-30","status":"publish","type":"post","link":"https:\/\/www.amt.genova.it\/amt\/allerta-neve-aggiornamento-ore-18-30\/","title":{"rendered":"Allerta neve. Aggiornamento ore 18.30"},"content":{"rendered":"<p class=\"p1\"><span class=\"s1\"><b>Servizio urbano<\/b><\/span><\/p>\n<p class=\"p1\"><span class=\"s1\">Il servizio \u00e8 pressoch\u00e9 regolare, solo alcune linee che servono le zone collinari sono temporaneamente limitate o ferme per difficolt\u00e0 viarie. Di seguito il dettaglio.<\/span><\/p>\n<p class=\"p1\"><span class=\"s1\">Linea 49 limitata a largo Giardino<\/span><\/p>\n<p class=\"p1\"><span class=\"s1\">Linea 64 temporaneamente ferma<\/span><\/p>\n<p class=\"p1\"><span class=\"s1\">Linea 67 limitata in via Donghi <\/span><\/p>\n<p class=\"p1\"><span class=\"s1\">Linea 71 limitata alla Cava<\/span><\/p>\n<p class=\"p1\"><span class=\"s1\">Linee 270 e 272 temporaneamente ferme<\/span><\/p>\n<p class=\"p1\"><span class=\"s1\">Linee 374\u00a0e 375 temporaneamente ferme<\/span><\/p>\n<p class=\"p1\"><span class=\"s1\">Linea 356 limitata in via Fereggiano<\/span><\/p>\n<p><strong><br \/>\nServizio provinciale<\/strong><\/p>\n<p>Le uniche limitazioni sono le seguenti:<\/p>\n<p>Alta Val Polcevera<\/p>\n<ul>\n<li>Linea 35 Bolzaneto - Pedemonte: sono sospese le corse con destinazione Valleregia - Serra;<\/li>\n<li>Linea 332 Bolzaneto - Santuario della Guardia: le corse sono limitate in localit\u00e0 San Bernardo.<\/li>\n<\/ul>\n<p>Val Verde<\/p>\n<ul>\n<li>Linea 36 Pontedecimo - Isoverde: le corse per Pietralavezzara sono limitate in localit\u00e0 Langasco;<\/li>\n<\/ul>\n<p>Valle Scrivia<\/p>\n<ul>\n<li>All\u2019interno del Comune di Casella le corse transitano dalla stazione della Ferrovia Genova Casella, da dove riprendono il regolare percorso in entrambi i sensi di marcia.<\/li>\n<\/ul>\n ","protected":false},"excerpt":{"rendered":"Servizio urbano Il servizio \u00e8 pressoch\u00e9 regolare, solo alcune linee che servono le zone collinari sono temporaneamente limitate o ferme per difficolt\u00e0 viarie. Di seguito il dettaglio. Linea 49 limitata a largo Giardino Linea 64 temporaneamente ferma Linea 67 limitata in via Donghi Linea 71 limitata alla Cava Linee 270 e 272 temporaneamente ferme Linee 374\u00a0e 375 temporaneamente ferme Linea&nbsp;<a href=\"https:\/\/www.amt.genova.it\/amt\/allerta-neve-aggiornamento-ore-18-30\/\" class=\"read-more\">Continue Reading<\/a>","protected":false},"author":2,"featured_media":18277,"comment_status":"closed","ping_status":"open","sticky":false,"template":"","format":"standard","meta":{"footnotes":""},"categories":[4,1],"tags":[],"class_list":["post-30372","post","type-post","status-publish","format-standard","has-post-thumbnail","hentry","category-notizie","category-senza-categoria","cat-4-id","cat-1-id"],"_links":{"self":[{"href":"https:\/\/www.amt.genova.it\/amt\/wp-json\/wp\/v2\/posts\/30372","targetHints":{"allow":["GET"]}}],"collection":[{"href":"https:\/\/www.amt.genova.it\/amt\/wp-json\/wp\/v2\/posts"}],"about":[{"href":"https:\/\/www.amt.genova.it\/amt\/wp-json\/wp\/v2\/types\/post"}],"author":[{"embeddable":true,"href":"https:\/\/www.amt.genova.it\/amt\/wp-json\/wp\/v2\/users\/2"}],"replies":[{"embeddable":true,"href":"https:\/\/www.amt.genova.it\/amt\/wp-json\/wp\/v2\/comments?post=30372"}],"version-history":[{"count":6,"href":"https:\/\/www.amt.genova.it\/amt\/wp-json\/wp\/v2\/posts\/30372\/revisions"}],"predecessor-version":[{"id":30378,"href":"https:\/\/www.amt.genova.it\/amt\/wp-json\/wp\/v2\/posts\/30372\/revisions\/30378"}],"wp:featuredmedia":[{"embeddable":true,"href":"https:\/\/www.amt.genova.it\/amt\/wp-json\/wp\/v2\/media\/18277"}],"wp:attachment":[{"href":"https:\/\/www.amt.genova.it\/amt\/wp-json\/wp\/v2\/media?parent=30372"}],"wp:term":[{"taxonomy":"category","embeddable":true,"href":"https:\/\/www.amt.genova.it\/amt\/wp-json\/wp\/v2\/categories?post=30372"},{"taxonomy":"post_tag","embeddable":true,"href":"https:\/\/www.amt.genova.it\/amt\/wp-json\/wp\/v2\/tags?post=30372"}],"curies":[{"name":"wp","href":"https:\/\/api.w.org\/{rel}","templated":true}]}}