{"id":30033,"date":"2021-11-20T11:16:25","date_gmt":"2021-11-20T10:16:25","guid":{"rendered":"https:\/\/www.amt.genova.it\/amt\/?p=30033"},"modified":"2021-11-20T11:16:59","modified_gmt":"2021-11-20T10:16:59","slug":"da-lunedi-22-novembre-in-vigore-aggiornamenti-agli-orari-del-tigullio-centrale-e-nellalta-val-polcevera","status":"publish","type":"post","link":"https:\/\/www.amt.genova.it\/amt\/da-lunedi-22-novembre-in-vigore-aggiornamenti-agli-orari-del-tigullio-centrale-e-nellalta-val-polcevera\/","title":{"rendered":"Da luned\u00ec 22 novembre in vigore aggiornamenti agli orari del Tigullio Centrale e nell\u2019Alta Val Polcevera."},"content":{"rendered":"<p>Si informa che da luned\u00ec 22 novembre entreranno in vigore aggiornamenti al servizio nel Tigullio Centrale e nell\u2019Alta val Polcevera.<\/p>\n<p>Qui \u00e8 possibile scaricare gli orari in vigore da luned\u00ec 22 novembre:<\/p>\n<p><a href=\"\/amt\/wp-content\/uploads\/2021\/11\/Tigullio-Centrale-dal-22-novembre.pdf\">Tigullio Centrale<\/a><\/p>\n<p><a href=\"\/amt\/wp-content\/uploads\/2021\/11\/Alta-Val-Polcevera-dal-22-novembre.pdf\">Alta Val Polcevera<\/a><\/p>\n<p>&nbsp;<\/p>\n<p>Nel dettaglio queste le modifiche.<\/p>\n<p>Nel <strong>Tigullio Centrale<\/strong> la corsa della<strong> linea 12<\/strong> in partenza da Borzonasca alle 14.55 verr\u00e0 anticipata alle 14.50 e la corsa in partenza da Belvedere alle 15.25 anticipata alle 15.15.<\/p>\n<p>Sempre da luned\u00ec cambiano anche gli orari della<strong> linea 14<\/strong>: la corsa in partenza da Ferreccio al sabato alle 14.02 e la corsa in vigore dal luned\u00ec al venerd\u00ec alle 14.25 verranno anticipate alle 13.55 e quest\u2019orario sar\u00e0 valido dal luned\u00ec al sabato.<\/p>\n<p>La corsa della<strong> linea 126<\/strong> in partenza da Carasco, dal luned\u00ec al venerd\u00ec, alle 17.26, partir\u00e0 da Chiavari, Piazza caduti di Nassiriya, alle ore 17.00 con transito a Chiavari FS alle ore 17.04. La corsa che si effettua al sabato rimane invariata.<\/p>\n<p>Aggiornamenti anche per le <strong>linee 11, 15 e 18<\/strong>.<\/p>\n<p>Nell\u2019<strong>Alta Val Polcevera<\/strong> da luned\u00ec verranno modificate le seguenti corse:<\/p>\n<p>- posticipo di 10 minuti della corsa in partenza dal Giro del Vento alle 15.23,<\/p>\n<p>- posticipo di 10 minuti anche per la corsa in partenza alle 13.28 Bolzaneto-Comago - S.Olcese,<\/p>\n<p>- posticipo di 5 minuti della corsa in partenza alle 14.10 S.Olcese \u2013 Bolzaneto.<\/p>\n ","protected":false},"excerpt":{"rendered":"Si informa che da luned\u00ec 22 novembre entreranno in vigore aggiornamenti al servizio nel Tigullio Centrale e nell\u2019Alta val Polcevera. Qui \u00e8 possibile scaricare gli orari in vigore da luned\u00ec 22 novembre: Tigullio Centrale Alta Val Polcevera &nbsp; Nel dettaglio queste le modifiche. Nel Tigullio Centrale la corsa della linea 12 in partenza da Borzonasca alle 14.55 verr\u00e0 anticipata alle&nbsp;<a href=\"https:\/\/www.amt.genova.it\/amt\/da-lunedi-22-novembre-in-vigore-aggiornamenti-agli-orari-del-tigullio-centrale-e-nellalta-val-polcevera\/\" class=\"read-more\">Continue Reading<\/a>","protected":false},"author":2,"featured_media":29098,"comment_status":"closed","ping_status":"open","sticky":false,"template":"","format":"standard","meta":{"footnotes":""},"categories":[56,4,65],"tags":[],"class_list":["post-30033","post","type-post","status-publish","format-standard","has-post-thumbnail","hentry","category-homepage","category-notizie","category-provinciale","cat-56-id","cat-4-id","cat-65-id"],"_links":{"self":[{"href":"https:\/\/www.amt.genova.it\/amt\/wp-json\/wp\/v2\/posts\/30033","targetHints":{"allow":["GET"]}}],"collection":[{"href":"https:\/\/www.amt.genova.it\/amt\/wp-json\/wp\/v2\/posts"}],"about":[{"href":"https:\/\/www.amt.genova.it\/amt\/wp-json\/wp\/v2\/types\/post"}],"author":[{"embeddable":true,"href":"https:\/\/www.amt.genova.it\/amt\/wp-json\/wp\/v2\/users\/2"}],"replies":[{"embeddable":true,"href":"https:\/\/www.amt.genova.it\/amt\/wp-json\/wp\/v2\/comments?post=30033"}],"version-history":[{"count":2,"href":"https:\/\/www.amt.genova.it\/amt\/wp-json\/wp\/v2\/posts\/30033\/revisions"}],"predecessor-version":[{"id":30035,"href":"https:\/\/www.amt.genova.it\/amt\/wp-json\/wp\/v2\/posts\/30033\/revisions\/30035"}],"wp:featuredmedia":[{"embeddable":true,"href":"https:\/\/www.amt.genova.it\/amt\/wp-json\/wp\/v2\/media\/29098"}],"wp:attachment":[{"href":"https:\/\/www.amt.genova.it\/amt\/wp-json\/wp\/v2\/media?parent=30033"}],"wp:term":[{"taxonomy":"category","embeddable":true,"href":"https:\/\/www.amt.genova.it\/amt\/wp-json\/wp\/v2\/categories?post=30033"},{"taxonomy":"post_tag","embeddable":true,"href":"https:\/\/www.amt.genova.it\/amt\/wp-json\/wp\/v2\/tags?post=30033"}],"curies":[{"name":"wp","href":"https:\/\/api.w.org\/{rel}","templated":true}]}}