{"id":29926,"date":"2021-11-13T10:58:48","date_gmt":"2021-11-13T09:58:48","guid":{"rendered":"https:\/\/www.amt.genova.it\/amt\/?p=29926"},"modified":"2021-11-17T16:02:34","modified_gmt":"2021-11-17T15:02:34","slug":"chiusura-gallerie-tra-deiva-e-moneglia-3","status":"publish","type":"post","link":"https:\/\/www.amt.genova.it\/amt\/chiusura-gallerie-tra-deiva-e-moneglia-3\/","title":{"rendered":"Chiusura gallerie tra Deiva e Moneglia"},"content":{"rendered":"<p>A partire <strong>da luned\u00ec 15 fino a venerd\u00ec 19 novembre<\/strong> saranno chiuse al transito veicolare le <strong>gallerie tra Deiva e Moneglia<\/strong>. Da <strong>luned\u00ec 15 a mercoled\u00ec 17<\/strong> le gallerie saranno chiuse dalle 8:30 alle 12:30 e dalle 14:00 alle 18:00 mentre <strong>gioved\u00ec 16 e venerd\u00ec 19<\/strong> dalle 14:00 alle 18:00 pertanto in questi ultimi due giorni il servizio sar\u00e0 regolare ad esclusione della corsa delle ore 15:25 da Mezzema per Sestri FS che transiter\u00e0 via Bracco.<\/p>\n<p><a href=\"\/amt\/wp-content\/uploads\/2021\/11\/GallerieDeiva_provv_15_17_novembre.pdf\">Qui<\/a> \u00e8 possibile scaricare l\u2019orario provvisorio delle linee interessate.<\/p>\n ","protected":false},"excerpt":{"rendered":"A partire da luned\u00ec 15 fino a venerd\u00ec 19 novembre saranno chiuse al transito veicolare le gallerie tra Deiva e Moneglia. Da luned\u00ec 15 a mercoled\u00ec 17 le gallerie saranno chiuse dalle 8:30 alle 12:30 e dalle 14:00 alle 18:00 mentre gioved\u00ec 16 e venerd\u00ec 19 dalle 14:00 alle 18:00 pertanto in questi ultimi due giorni il servizio sar\u00e0 regolare&nbsp;<a href=\"https:\/\/www.amt.genova.it\/amt\/chiusura-gallerie-tra-deiva-e-moneglia-3\/\" class=\"read-more\">Continue Reading<\/a>","protected":false},"author":2,"featured_media":29303,"comment_status":"closed","ping_status":"open","sticky":false,"template":"","format":"standard","meta":{"footnotes":""},"categories":[4,65],"tags":[],"class_list":["post-29926","post","type-post","status-publish","format-standard","has-post-thumbnail","hentry","category-notizie","category-provinciale","cat-4-id","cat-65-id"],"_links":{"self":[{"href":"https:\/\/www.amt.genova.it\/amt\/wp-json\/wp\/v2\/posts\/29926","targetHints":{"allow":["GET"]}}],"collection":[{"href":"https:\/\/www.amt.genova.it\/amt\/wp-json\/wp\/v2\/posts"}],"about":[{"href":"https:\/\/www.amt.genova.it\/amt\/wp-json\/wp\/v2\/types\/post"}],"author":[{"embeddable":true,"href":"https:\/\/www.amt.genova.it\/amt\/wp-json\/wp\/v2\/users\/2"}],"replies":[{"embeddable":true,"href":"https:\/\/www.amt.genova.it\/amt\/wp-json\/wp\/v2\/comments?post=29926"}],"version-history":[{"count":7,"href":"https:\/\/www.amt.genova.it\/amt\/wp-json\/wp\/v2\/posts\/29926\/revisions"}],"predecessor-version":[{"id":29956,"href":"https:\/\/www.amt.genova.it\/amt\/wp-json\/wp\/v2\/posts\/29926\/revisions\/29956"}],"wp:featuredmedia":[{"embeddable":true,"href":"https:\/\/www.amt.genova.it\/amt\/wp-json\/wp\/v2\/media\/29303"}],"wp:attachment":[{"href":"https:\/\/www.amt.genova.it\/amt\/wp-json\/wp\/v2\/media?parent=29926"}],"wp:term":[{"taxonomy":"category","embeddable":true,"href":"https:\/\/www.amt.genova.it\/amt\/wp-json\/wp\/v2\/categories?post=29926"},{"taxonomy":"post_tag","embeddable":true,"href":"https:\/\/www.amt.genova.it\/amt\/wp-json\/wp\/v2\/tags?post=29926"}],"curies":[{"name":"wp","href":"https:\/\/api.w.org\/{rel}","templated":true}]}}