{"id":29707,"date":"2021-10-31T17:27:30","date_gmt":"2021-10-31T16:27:30","guid":{"rendered":"https:\/\/www.amt.genova.it\/amt\/?p=29707"},"modified":"2021-11-03T14:41:29","modified_gmt":"2021-11-03T13:41:29","slug":"previsioni-sui-servizi-amt-nelle-giornate-di-lunedi-1-e-martedi-2-novembre","status":"publish","type":"post","link":"https:\/\/www.amt.genova.it\/amt\/previsioni-sui-servizi-amt-nelle-giornate-di-lunedi-1-e-martedi-2-novembre\/","title":{"rendered":"Previsioni sui servizi AMT nelle giornate di luned\u00ec 1 e marted\u00ec 2 novembre"},"content":{"rendered":"<p>Per le giornate di luned\u00ec 1 e marted\u00ec 2 novembre, sulla base delle segnalazioni preventive di assenza per mancanza di Green Pass ricevute dal personale, AMT ha previsto servizio pressoch\u00e9 regolare a Genova e nell\u2019area provinciale.<\/p>\n<p>Per quanto riguarda la Ferrovia Genova Casella tutte le corse programmate verranno erogate; la modalit\u00e0 sar\u00e0 mista, treno e bus sostitutivo.<\/p>\n<p>L\u2019azienda fornir\u00e0 ulteriori informazioni sulle eventuali variazioni di servizio.<\/p>\n ","protected":false},"excerpt":{"rendered":"Per le giornate di luned\u00ec 1 e marted\u00ec 2 novembre, sulla base delle segnalazioni preventive di assenza per mancanza di Green Pass ricevute dal personale, AMT ha previsto servizio pressoch\u00e9 regolare a Genova e nell\u2019area provinciale. Per quanto riguarda la Ferrovia Genova Casella tutte le corse programmate verranno erogate; la modalit\u00e0 sar\u00e0 mista, treno e bus sostitutivo. L\u2019azienda fornir\u00e0 ulteriori&nbsp;<a href=\"https:\/\/www.amt.genova.it\/amt\/previsioni-sui-servizi-amt-nelle-giornate-di-lunedi-1-e-martedi-2-novembre\/\" class=\"read-more\">Continue Reading<\/a>","protected":false},"author":2,"featured_media":27649,"comment_status":"closed","ping_status":"open","sticky":false,"template":"","format":"standard","meta":{"footnotes":""},"categories":[4,1],"tags":[],"class_list":["post-29707","post","type-post","status-publish","format-standard","has-post-thumbnail","hentry","category-notizie","category-senza-categoria","cat-4-id","cat-1-id"],"_links":{"self":[{"href":"https:\/\/www.amt.genova.it\/amt\/wp-json\/wp\/v2\/posts\/29707","targetHints":{"allow":["GET"]}}],"collection":[{"href":"https:\/\/www.amt.genova.it\/amt\/wp-json\/wp\/v2\/posts"}],"about":[{"href":"https:\/\/www.amt.genova.it\/amt\/wp-json\/wp\/v2\/types\/post"}],"author":[{"embeddable":true,"href":"https:\/\/www.amt.genova.it\/amt\/wp-json\/wp\/v2\/users\/2"}],"replies":[{"embeddable":true,"href":"https:\/\/www.amt.genova.it\/amt\/wp-json\/wp\/v2\/comments?post=29707"}],"version-history":[{"count":1,"href":"https:\/\/www.amt.genova.it\/amt\/wp-json\/wp\/v2\/posts\/29707\/revisions"}],"predecessor-version":[{"id":29708,"href":"https:\/\/www.amt.genova.it\/amt\/wp-json\/wp\/v2\/posts\/29707\/revisions\/29708"}],"wp:featuredmedia":[{"embeddable":true,"href":"https:\/\/www.amt.genova.it\/amt\/wp-json\/wp\/v2\/media\/27649"}],"wp:attachment":[{"href":"https:\/\/www.amt.genova.it\/amt\/wp-json\/wp\/v2\/media?parent=29707"}],"wp:term":[{"taxonomy":"category","embeddable":true,"href":"https:\/\/www.amt.genova.it\/amt\/wp-json\/wp\/v2\/categories?post=29707"},{"taxonomy":"post_tag","embeddable":true,"href":"https:\/\/www.amt.genova.it\/amt\/wp-json\/wp\/v2\/tags?post=29707"}],"curies":[{"name":"wp","href":"https:\/\/api.w.org\/{rel}","templated":true}]}}