{"id":29665,"date":"2021-10-29T14:36:54","date_gmt":"2021-10-29T12:36:54","guid":{"rendered":"https:\/\/www.amt.genova.it\/amt\/?p=29665"},"modified":"2021-10-29T14:38:57","modified_gmt":"2021-10-29T12:38:57","slug":"dall8-novembre-orario-invernale-per-la-biglietteria-di-rapallo","status":"publish","type":"post","link":"https:\/\/www.amt.genova.it\/amt\/dall8-novembre-orario-invernale-per-la-biglietteria-di-rapallo\/","title":{"rendered":"Dall&#8217;8 novembre orario invernale per la biglietteria di Rapallo"},"content":{"rendered":"<p>Si avvisa che a decorrere da <strong>luned\u00ec 8 novembre<\/strong> la <strong>biglietteria di Rapallo<\/strong> sar\u00e0 aperta al pubblico nei giorni feriali dal luned\u00ec al venerd\u00ec dalle ore 7:30 alle ore 12:30 e dalle ore 13:15 alle ore 15:15.<\/p>\n<p>Chiusa sabato, domenica e festivi.<\/p>\n ","protected":false},"excerpt":{"rendered":"Si avvisa che a decorrere da luned\u00ec 8 novembre la biglietteria di Rapallo sar\u00e0 aperta al pubblico nei giorni feriali dal luned\u00ec al venerd\u00ec dalle ore 7:30 alle ore 12:30 e dalle ore 13:15 alle ore 15:15. Chiusa sabato, domenica e festivi.","protected":false},"author":2,"featured_media":28400,"comment_status":"closed","ping_status":"open","sticky":false,"template":"","format":"standard","meta":{"footnotes":""},"categories":[56,4,65],"tags":[],"class_list":["post-29665","post","type-post","status-publish","format-standard","has-post-thumbnail","hentry","category-homepage","category-notizie","category-provinciale","cat-56-id","cat-4-id","cat-65-id"],"_links":{"self":[{"href":"https:\/\/www.amt.genova.it\/amt\/wp-json\/wp\/v2\/posts\/29665","targetHints":{"allow":["GET"]}}],"collection":[{"href":"https:\/\/www.amt.genova.it\/amt\/wp-json\/wp\/v2\/posts"}],"about":[{"href":"https:\/\/www.amt.genova.it\/amt\/wp-json\/wp\/v2\/types\/post"}],"author":[{"embeddable":true,"href":"https:\/\/www.amt.genova.it\/amt\/wp-json\/wp\/v2\/users\/2"}],"replies":[{"embeddable":true,"href":"https:\/\/www.amt.genova.it\/amt\/wp-json\/wp\/v2\/comments?post=29665"}],"version-history":[{"count":1,"href":"https:\/\/www.amt.genova.it\/amt\/wp-json\/wp\/v2\/posts\/29665\/revisions"}],"predecessor-version":[{"id":29666,"href":"https:\/\/www.amt.genova.it\/amt\/wp-json\/wp\/v2\/posts\/29665\/revisions\/29666"}],"wp:featuredmedia":[{"embeddable":true,"href":"https:\/\/www.amt.genova.it\/amt\/wp-json\/wp\/v2\/media\/28400"}],"wp:attachment":[{"href":"https:\/\/www.amt.genova.it\/amt\/wp-json\/wp\/v2\/media?parent=29665"}],"wp:term":[{"taxonomy":"category","embeddable":true,"href":"https:\/\/www.amt.genova.it\/amt\/wp-json\/wp\/v2\/categories?post=29665"},{"taxonomy":"post_tag","embeddable":true,"href":"https:\/\/www.amt.genova.it\/amt\/wp-json\/wp\/v2\/tags?post=29665"}],"curies":[{"name":"wp","href":"https:\/\/api.w.org\/{rel}","templated":true}]}}