{"id":29619,"date":"2021-10-26T11:21:31","date_gmt":"2021-10-26T09:21:31","guid":{"rendered":"https:\/\/www.amt.genova.it\/amt\/?p=29619"},"modified":"2021-10-27T17:42:38","modified_gmt":"2021-10-27T15:42:38","slug":"chiusura-gallerie-tra-deiva-e-moneglia","status":"publish","type":"post","link":"https:\/\/www.amt.genova.it\/amt\/chiusura-gallerie-tra-deiva-e-moneglia\/","title":{"rendered":"Chiusura gallerie tra Deiva e Moneglia."},"content":{"rendered":"<p>A partire <strong>da mercoled\u00ec 27 fino a venerd\u00ec 29 ottobre<\/strong> saranno chiuse al transito veicolare le <strong>gallerie tra Deiva e Moneglia<\/strong>. <a href=\"\/amt\/wp-content\/uploads\/2021\/10\/GallerieDeiva_provv_27_29_ottobre.pdf\">Qui<\/a> \u00e8 possibile scaricare l\u2019orario provvisorio delle linee interessate.<\/p>\n ","protected":false},"excerpt":{"rendered":"A partire da mercoled\u00ec 27 fino a venerd\u00ec 29 ottobre saranno chiuse al transito veicolare le gallerie tra Deiva e Moneglia. Qui \u00e8 possibile scaricare l\u2019orario provvisorio delle linee interessate.","protected":false},"author":2,"featured_media":29303,"comment_status":"closed","ping_status":"open","sticky":false,"template":"","format":"standard","meta":{"footnotes":""},"categories":[56,4,65],"tags":[],"class_list":["post-29619","post","type-post","status-publish","format-standard","has-post-thumbnail","hentry","category-homepage","category-notizie","category-provinciale","cat-56-id","cat-4-id","cat-65-id"],"_links":{"self":[{"href":"https:\/\/www.amt.genova.it\/amt\/wp-json\/wp\/v2\/posts\/29619","targetHints":{"allow":["GET"]}}],"collection":[{"href":"https:\/\/www.amt.genova.it\/amt\/wp-json\/wp\/v2\/posts"}],"about":[{"href":"https:\/\/www.amt.genova.it\/amt\/wp-json\/wp\/v2\/types\/post"}],"author":[{"embeddable":true,"href":"https:\/\/www.amt.genova.it\/amt\/wp-json\/wp\/v2\/users\/2"}],"replies":[{"embeddable":true,"href":"https:\/\/www.amt.genova.it\/amt\/wp-json\/wp\/v2\/comments?post=29619"}],"version-history":[{"count":2,"href":"https:\/\/www.amt.genova.it\/amt\/wp-json\/wp\/v2\/posts\/29619\/revisions"}],"predecessor-version":[{"id":29643,"href":"https:\/\/www.amt.genova.it\/amt\/wp-json\/wp\/v2\/posts\/29619\/revisions\/29643"}],"wp:featuredmedia":[{"embeddable":true,"href":"https:\/\/www.amt.genova.it\/amt\/wp-json\/wp\/v2\/media\/29303"}],"wp:attachment":[{"href":"https:\/\/www.amt.genova.it\/amt\/wp-json\/wp\/v2\/media?parent=29619"}],"wp:term":[{"taxonomy":"category","embeddable":true,"href":"https:\/\/www.amt.genova.it\/amt\/wp-json\/wp\/v2\/categories?post=29619"},{"taxonomy":"post_tag","embeddable":true,"href":"https:\/\/www.amt.genova.it\/amt\/wp-json\/wp\/v2\/tags?post=29619"}],"curies":[{"name":"wp","href":"https:\/\/api.w.org\/{rel}","templated":true}]}}