{"id":29599,"date":"2021-10-24T19:57:12","date_gmt":"2021-10-24T17:57:12","guid":{"rendered":"https:\/\/www.amt.genova.it\/amt\/?p=29599"},"modified":"2021-10-24T19:57:12","modified_gmt":"2021-10-24T17:57:12","slug":"ferrovia-genova-casella-il-servizio-tra-il-25-e-il-29-ottobre","status":"publish","type":"post","link":"https:\/\/www.amt.genova.it\/amt\/ferrovia-genova-casella-il-servizio-tra-il-25-e-il-29-ottobre\/","title":{"rendered":"Ferrovia Genova Casella: il servizio tra il 25 e il 29 ottobre"},"content":{"rendered":"<p>Nelle giornate comprese tra luned\u00ec 25 e venerd\u00ec 29 ottobre il servizio della Ferrovia Genova Casella verr\u00e0 svolto con tutte le corse programmate. A seguito delle segnalazioni preventive di assenza per mancanza di Green Pass ricevute dal personale della ferrovia, il servizio viene effettuato in modalit\u00e0 mista treno\/bus sostitutivo come sotto indicato.<\/p>\n<p><strong>Da luned\u00ec 25 a venerd\u00ec 29 ottobre<\/strong><\/p>\n<ul>\n<li><strong>Corse effettuate con il treno:<\/strong>\u00a0le partenze\u00a0<strong>da Casella<\/strong>\u00a0delle ore 6,20 \u2013 7,27 \u2013 8,52 \u2013 10,38 e\u00a0<strong>da Genova<\/strong>\u00a0delle ore 7,35 \u2013 9,00 \u2013 12,08 \u2013 13,23.<\/li>\n<li><strong>Corse effettuate con il bus sostitutivo<\/strong>: le partenze\u00a0<strong>da Casella<\/strong>\u00a0delle ore 13,15 \u2013 14,58 \u2013 16,38 \u2013 18,08 \u2013 19,27 e\u00a0<strong>da Genova<\/strong>\u00a0delle ore 10,30 \u2013 14,30 \u2013 16,46 \u2013 18,00 \u2013 19,35.<\/li>\n<\/ul>\n<p>L\u2019azienda fornir\u00e0 ulteriori informazioni su eventuali variazioni del servizio.<\/p>\n ","protected":false},"excerpt":{"rendered":"Nelle giornate comprese tra luned\u00ec 25 e venerd\u00ec 29 ottobre il servizio della Ferrovia Genova Casella verr\u00e0 svolto con tutte le corse programmate. A seguito delle segnalazioni preventive di assenza per mancanza di Green Pass ricevute dal personale della ferrovia, il servizio viene effettuato in modalit\u00e0 mista treno\/bus sostitutivo come sotto indicato. Da luned\u00ec 25 a venerd\u00ec 29 ottobre Corse&nbsp;<a href=\"https:\/\/www.amt.genova.it\/amt\/ferrovia-genova-casella-il-servizio-tra-il-25-e-il-29-ottobre\/\" class=\"read-more\">Continue Reading<\/a>","protected":false},"author":2,"featured_media":18973,"comment_status":"closed","ping_status":"open","sticky":false,"template":"","format":"standard","meta":{"footnotes":""},"categories":[56,4,1],"tags":[],"class_list":["post-29599","post","type-post","status-publish","format-standard","has-post-thumbnail","hentry","category-homepage","category-notizie","category-senza-categoria","cat-56-id","cat-4-id","cat-1-id"],"_links":{"self":[{"href":"https:\/\/www.amt.genova.it\/amt\/wp-json\/wp\/v2\/posts\/29599","targetHints":{"allow":["GET"]}}],"collection":[{"href":"https:\/\/www.amt.genova.it\/amt\/wp-json\/wp\/v2\/posts"}],"about":[{"href":"https:\/\/www.amt.genova.it\/amt\/wp-json\/wp\/v2\/types\/post"}],"author":[{"embeddable":true,"href":"https:\/\/www.amt.genova.it\/amt\/wp-json\/wp\/v2\/users\/2"}],"replies":[{"embeddable":true,"href":"https:\/\/www.amt.genova.it\/amt\/wp-json\/wp\/v2\/comments?post=29599"}],"version-history":[{"count":1,"href":"https:\/\/www.amt.genova.it\/amt\/wp-json\/wp\/v2\/posts\/29599\/revisions"}],"predecessor-version":[{"id":29600,"href":"https:\/\/www.amt.genova.it\/amt\/wp-json\/wp\/v2\/posts\/29599\/revisions\/29600"}],"wp:featuredmedia":[{"embeddable":true,"href":"https:\/\/www.amt.genova.it\/amt\/wp-json\/wp\/v2\/media\/18973"}],"wp:attachment":[{"href":"https:\/\/www.amt.genova.it\/amt\/wp-json\/wp\/v2\/media?parent=29599"}],"wp:term":[{"taxonomy":"category","embeddable":true,"href":"https:\/\/www.amt.genova.it\/amt\/wp-json\/wp\/v2\/categories?post=29599"},{"taxonomy":"post_tag","embeddable":true,"href":"https:\/\/www.amt.genova.it\/amt\/wp-json\/wp\/v2\/tags?post=29599"}],"curies":[{"name":"wp","href":"https:\/\/api.w.org\/{rel}","templated":true}]}}