{"id":29481,"date":"2021-10-19T08:59:46","date_gmt":"2021-10-19T06:59:46","guid":{"rendered":"https:\/\/www.amt.genova.it\/amt\/?p=29481"},"modified":"2021-10-25T08:43:15","modified_gmt":"2021-10-25T06:43:15","slug":"chiusura-gallerie-tra-deiva-e-moneglia-dal-20-al-22-ottobre","status":"publish","type":"post","link":"https:\/\/www.amt.genova.it\/amt\/chiusura-gallerie-tra-deiva-e-moneglia-dal-20-al-22-ottobre\/","title":{"rendered":"Chiusura gallerie tra Deiva e Moneglia dal 20 al 22 ottobre"},"content":{"rendered":"<p>A partire <strong>da mercoled\u00ec 20 a venerd\u00ec 22 ottobre<\/strong> saranno chiuse al transito veicolare le <strong>gallerie tra Deiva e Moneglia<\/strong>. <a href=\"\/amt\/wp-content\/uploads\/2021\/10\/GallerieDeiva_provv_20_22_ottobre.pdf\">Qui<\/a> \u00e8 possibile scaricare l\u2019orario provvisorio delle linee interessate.<\/p>\n ","protected":false},"excerpt":{"rendered":"A partire da mercoled\u00ec 20 a venerd\u00ec 22 ottobre saranno chiuse al transito veicolare le gallerie tra Deiva e Moneglia. Qui \u00e8 possibile scaricare l\u2019orario provvisorio delle linee interessate.","protected":false},"author":2,"featured_media":29303,"comment_status":"closed","ping_status":"open","sticky":false,"template":"","format":"standard","meta":{"footnotes":""},"categories":[4,65],"tags":[],"class_list":["post-29481","post","type-post","status-publish","format-standard","has-post-thumbnail","hentry","category-notizie","category-provinciale","cat-4-id","cat-65-id"],"_links":{"self":[{"href":"https:\/\/www.amt.genova.it\/amt\/wp-json\/wp\/v2\/posts\/29481","targetHints":{"allow":["GET"]}}],"collection":[{"href":"https:\/\/www.amt.genova.it\/amt\/wp-json\/wp\/v2\/posts"}],"about":[{"href":"https:\/\/www.amt.genova.it\/amt\/wp-json\/wp\/v2\/types\/post"}],"author":[{"embeddable":true,"href":"https:\/\/www.amt.genova.it\/amt\/wp-json\/wp\/v2\/users\/2"}],"replies":[{"embeddable":true,"href":"https:\/\/www.amt.genova.it\/amt\/wp-json\/wp\/v2\/comments?post=29481"}],"version-history":[{"count":1,"href":"https:\/\/www.amt.genova.it\/amt\/wp-json\/wp\/v2\/posts\/29481\/revisions"}],"predecessor-version":[{"id":29482,"href":"https:\/\/www.amt.genova.it\/amt\/wp-json\/wp\/v2\/posts\/29481\/revisions\/29482"}],"wp:featuredmedia":[{"embeddable":true,"href":"https:\/\/www.amt.genova.it\/amt\/wp-json\/wp\/v2\/media\/29303"}],"wp:attachment":[{"href":"https:\/\/www.amt.genova.it\/amt\/wp-json\/wp\/v2\/media?parent=29481"}],"wp:term":[{"taxonomy":"category","embeddable":true,"href":"https:\/\/www.amt.genova.it\/amt\/wp-json\/wp\/v2\/categories?post=29481"},{"taxonomy":"post_tag","embeddable":true,"href":"https:\/\/www.amt.genova.it\/amt\/wp-json\/wp\/v2\/tags?post=29481"}],"curies":[{"name":"wp","href":"https:\/\/api.w.org\/{rel}","templated":true}]}}