{"id":28645,"date":"2021-08-25T16:47:06","date_gmt":"2021-08-25T14:47:06","guid":{"rendered":"https:\/\/www.amt.genova.it\/amt\/?p=28645"},"modified":"2021-08-26T14:40:26","modified_gmt":"2021-08-26T12:40:26","slug":"servizio-provinciale-giovedi-26-agosto-variazioni-linee-di-chiavari","status":"publish","type":"post","link":"https:\/\/www.amt.genova.it\/amt\/servizio-provinciale-giovedi-26-agosto-variazioni-linee-di-chiavari\/","title":{"rendered":"Servizio provinciale: gioved\u00ec 26 agosto variazioni linee di Chiavari"},"content":{"rendered":"<p>Gioved\u00ec 26 agosto 2021, dalle ore 7:00 alle ore 13:00, sar\u00e0 chiusa al traffico Piazza Nostra Signora dell\u2019Orto a Chiavari.<\/p>\n<p>Durante la chiusura tutte le partenze dal capolinea, delle linee 2, 3, 6, 10, 15, 21 e 31, verranno effettuate dalle fermate di Chiavari FS.<\/p>\n ","protected":false},"excerpt":{"rendered":"Gioved\u00ec 26 agosto 2021, dalle ore 7:00 alle ore 13:00, sar\u00e0 chiusa al traffico Piazza Nostra Signora dell\u2019Orto a Chiavari. Durante la chiusura tutte le partenze dal capolinea, delle linee 2, 3, 6, 10, 15, 21 e 31, verranno effettuate dalle fermate di Chiavari FS.","protected":false},"author":2,"featured_media":26773,"comment_status":"closed","ping_status":"open","sticky":false,"template":"","format":"standard","meta":{"footnotes":""},"categories":[4,65],"tags":[],"class_list":["post-28645","post","type-post","status-publish","format-standard","has-post-thumbnail","hentry","category-notizie","category-provinciale","cat-4-id","cat-65-id"],"_links":{"self":[{"href":"https:\/\/www.amt.genova.it\/amt\/wp-json\/wp\/v2\/posts\/28645","targetHints":{"allow":["GET"]}}],"collection":[{"href":"https:\/\/www.amt.genova.it\/amt\/wp-json\/wp\/v2\/posts"}],"about":[{"href":"https:\/\/www.amt.genova.it\/amt\/wp-json\/wp\/v2\/types\/post"}],"author":[{"embeddable":true,"href":"https:\/\/www.amt.genova.it\/amt\/wp-json\/wp\/v2\/users\/2"}],"replies":[{"embeddable":true,"href":"https:\/\/www.amt.genova.it\/amt\/wp-json\/wp\/v2\/comments?post=28645"}],"version-history":[{"count":2,"href":"https:\/\/www.amt.genova.it\/amt\/wp-json\/wp\/v2\/posts\/28645\/revisions"}],"predecessor-version":[{"id":28647,"href":"https:\/\/www.amt.genova.it\/amt\/wp-json\/wp\/v2\/posts\/28645\/revisions\/28647"}],"wp:featuredmedia":[{"embeddable":true,"href":"https:\/\/www.amt.genova.it\/amt\/wp-json\/wp\/v2\/media\/26773"}],"wp:attachment":[{"href":"https:\/\/www.amt.genova.it\/amt\/wp-json\/wp\/v2\/media?parent=28645"}],"wp:term":[{"taxonomy":"category","embeddable":true,"href":"https:\/\/www.amt.genova.it\/amt\/wp-json\/wp\/v2\/categories?post=28645"},{"taxonomy":"post_tag","embeddable":true,"href":"https:\/\/www.amt.genova.it\/amt\/wp-json\/wp\/v2\/tags?post=28645"}],"curies":[{"name":"wp","href":"https:\/\/api.w.org\/{rel}","templated":true}]}}