{"id":28487,"date":"2021-08-15T21:35:46","date_gmt":"2021-08-15T19:35:46","guid":{"rendered":"https:\/\/www.amt.genova.it\/amt\/?p=28487"},"modified":"2021-08-17T08:36:11","modified_gmt":"2021-08-17T06:36:11","slug":"trasporto-provinciale-pedemonte-di-serra-ricco-lunedi-16-agosto","status":"publish","type":"post","link":"https:\/\/www.amt.genova.it\/amt\/trasporto-provinciale-pedemonte-di-serra-ricco-lunedi-16-agosto\/","title":{"rendered":"Trasporto provinciale &#8211; Pedemonte di Serra Ricc\u00f2 luned\u00ec 16 agosto"},"content":{"rendered":"<p><strong>Luned\u00ec 16 agosto<\/strong> a Pedemonte di Serra Ricc\u00f2, in occasione della festa di San Rocco, le corse delle ore 17.30, 18.00 e 18.30 effettueranno arrivo e partenza da <strong>localit\u00e0 Castagna<\/strong>.<\/p>\n ","protected":false},"excerpt":{"rendered":"Luned\u00ec 16 agosto a Pedemonte di Serra Ricc\u00f2, in occasione della festa di San Rocco, le corse delle ore 17.30, 18.00 e 18.30 effettueranno arrivo e partenza da localit\u00e0 Castagna.","protected":false},"author":2,"featured_media":24606,"comment_status":"closed","ping_status":"open","sticky":false,"template":"","format":"standard","meta":{"footnotes":""},"categories":[4,65],"tags":[],"class_list":["post-28487","post","type-post","status-publish","format-standard","has-post-thumbnail","hentry","category-notizie","category-provinciale","cat-4-id","cat-65-id"],"_links":{"self":[{"href":"https:\/\/www.amt.genova.it\/amt\/wp-json\/wp\/v2\/posts\/28487","targetHints":{"allow":["GET"]}}],"collection":[{"href":"https:\/\/www.amt.genova.it\/amt\/wp-json\/wp\/v2\/posts"}],"about":[{"href":"https:\/\/www.amt.genova.it\/amt\/wp-json\/wp\/v2\/types\/post"}],"author":[{"embeddable":true,"href":"https:\/\/www.amt.genova.it\/amt\/wp-json\/wp\/v2\/users\/2"}],"replies":[{"embeddable":true,"href":"https:\/\/www.amt.genova.it\/amt\/wp-json\/wp\/v2\/comments?post=28487"}],"version-history":[{"count":1,"href":"https:\/\/www.amt.genova.it\/amt\/wp-json\/wp\/v2\/posts\/28487\/revisions"}],"predecessor-version":[{"id":28488,"href":"https:\/\/www.amt.genova.it\/amt\/wp-json\/wp\/v2\/posts\/28487\/revisions\/28488"}],"wp:featuredmedia":[{"embeddable":true,"href":"https:\/\/www.amt.genova.it\/amt\/wp-json\/wp\/v2\/media\/24606"}],"wp:attachment":[{"href":"https:\/\/www.amt.genova.it\/amt\/wp-json\/wp\/v2\/media?parent=28487"}],"wp:term":[{"taxonomy":"category","embeddable":true,"href":"https:\/\/www.amt.genova.it\/amt\/wp-json\/wp\/v2\/categories?post=28487"},{"taxonomy":"post_tag","embeddable":true,"href":"https:\/\/www.amt.genova.it\/amt\/wp-json\/wp\/v2\/tags?post=28487"}],"curies":[{"name":"wp","href":"https:\/\/api.w.org\/{rel}","templated":true}]}}