{"id":28409,"date":"2021-08-05T11:57:32","date_gmt":"2021-08-05T09:57:32","guid":{"rendered":"https:\/\/www.amt.genova.it\/amt\/?p=28409"},"modified":"2021-08-11T16:08:18","modified_gmt":"2021-08-11T14:08:18","slug":"linea-3-variazione-nei-giorni-7-9-e-10-agosto","status":"publish","type":"post","link":"https:\/\/www.amt.genova.it\/amt\/linea-3-variazione-nei-giorni-7-9-e-10-agosto\/","title":{"rendered":"Servizio di trasporto provinciale &#8211; Linea 3, variazione nei giorni 7, 9 e 10 agosto"},"content":{"rendered":"<p>A seguito di una\u00a0 manifestazione sul capolinea di Conscenti, nelle giornate di sabato 7, luned\u00ec 9 e marted\u00ec 10 agosto 2021 la corsa della <strong>linea 3<\/strong> da Chiavari capolinea delle ore 19:00 sar\u00e0 limitata in Graveglia (Ristorante Settembrin).<\/p>\n ","protected":false},"excerpt":{"rendered":"A seguito di una\u00a0 manifestazione sul capolinea di Conscenti, nelle giornate di sabato 7, luned\u00ec 9 e marted\u00ec 10 agosto 2021 la corsa della linea 3 da Chiavari capolinea delle ore 19:00 sar\u00e0 limitata in Graveglia (Ristorante Settembrin).","protected":false},"author":2,"featured_media":28411,"comment_status":"closed","ping_status":"open","sticky":false,"template":"","format":"standard","meta":{"footnotes":""},"categories":[4,65],"tags":[],"class_list":["post-28409","post","type-post","status-publish","format-standard","has-post-thumbnail","hentry","category-notizie","category-provinciale","cat-4-id","cat-65-id"],"_links":{"self":[{"href":"https:\/\/www.amt.genova.it\/amt\/wp-json\/wp\/v2\/posts\/28409","targetHints":{"allow":["GET"]}}],"collection":[{"href":"https:\/\/www.amt.genova.it\/amt\/wp-json\/wp\/v2\/posts"}],"about":[{"href":"https:\/\/www.amt.genova.it\/amt\/wp-json\/wp\/v2\/types\/post"}],"author":[{"embeddable":true,"href":"https:\/\/www.amt.genova.it\/amt\/wp-json\/wp\/v2\/users\/2"}],"replies":[{"embeddable":true,"href":"https:\/\/www.amt.genova.it\/amt\/wp-json\/wp\/v2\/comments?post=28409"}],"version-history":[{"count":3,"href":"https:\/\/www.amt.genova.it\/amt\/wp-json\/wp\/v2\/posts\/28409\/revisions"}],"predecessor-version":[{"id":28417,"href":"https:\/\/www.amt.genova.it\/amt\/wp-json\/wp\/v2\/posts\/28409\/revisions\/28417"}],"wp:featuredmedia":[{"embeddable":true,"href":"https:\/\/www.amt.genova.it\/amt\/wp-json\/wp\/v2\/media\/28411"}],"wp:attachment":[{"href":"https:\/\/www.amt.genova.it\/amt\/wp-json\/wp\/v2\/media?parent=28409"}],"wp:term":[{"taxonomy":"category","embeddable":true,"href":"https:\/\/www.amt.genova.it\/amt\/wp-json\/wp\/v2\/categories?post=28409"},{"taxonomy":"post_tag","embeddable":true,"href":"https:\/\/www.amt.genova.it\/amt\/wp-json\/wp\/v2\/tags?post=28409"}],"curies":[{"name":"wp","href":"https:\/\/api.w.org\/{rel}","templated":true}]}}