{"id":28290,"date":"2021-07-24T15:46:05","date_gmt":"2021-07-24T13:46:05","guid":{"rendered":"https:\/\/www.amt.genova.it\/amt\/?p=28290"},"modified":"2021-07-27T07:45:36","modified_gmt":"2021-07-27T05:45:36","slug":"trasporto-provinciale-variazione-al-percorso-linea-82-per-lunedi-26-luglio","status":"publish","type":"post","link":"https:\/\/www.amt.genova.it\/amt\/trasporto-provinciale-variazione-al-percorso-linea-82-per-lunedi-26-luglio\/","title":{"rendered":"Trasporto provinciale. Variazione al percorso linea 82 per luned\u00ec 26 luglio"},"content":{"rendered":"<p>Si informa che <strong>luned\u00ec 26 luglio<\/strong> dalle ore 9:15 alle ore 10:00 verr\u00e0 chiusa al traffico Via Trieste a Santa Margherita Ligure. Pertanto la linea 82 proveniente da Portofino subir\u00e0 la seguente variazione di percorso: giunta in Piazza Vittorio Veneto effettuer\u00e0 la fermata solitamente utilizzata in direzione Portofino, impegner\u00e0 la rotonda proseguendo in via Roma per poter raggiungere la stazione FS. Le fermate ubicate all\u2019altezza del Lido Palace Hotel e in via Trieste verranno momentaneamente disattivate.<\/p>\n ","protected":false},"excerpt":{"rendered":"Si informa che luned\u00ec 26 luglio dalle ore 9:15 alle ore 10:00 verr\u00e0 chiusa al traffico Via Trieste a Santa Margherita Ligure. Pertanto la linea 82 proveniente da Portofino subir\u00e0 la seguente variazione di percorso: giunta in Piazza Vittorio Veneto effettuer\u00e0 la fermata solitamente utilizzata in direzione Portofino, impegner\u00e0 la rotonda proseguendo in via Roma per poter raggiungere la stazione&nbsp;<a href=\"https:\/\/www.amt.genova.it\/amt\/trasporto-provinciale-variazione-al-percorso-linea-82-per-lunedi-26-luglio\/\" class=\"read-more\">Continue Reading<\/a>","protected":false},"author":2,"featured_media":28291,"comment_status":"closed","ping_status":"open","sticky":false,"template":"","format":"standard","meta":{"footnotes":""},"categories":[4,65],"tags":[],"class_list":["post-28290","post","type-post","status-publish","format-standard","has-post-thumbnail","hentry","category-notizie","category-provinciale","cat-4-id","cat-65-id"],"_links":{"self":[{"href":"https:\/\/www.amt.genova.it\/amt\/wp-json\/wp\/v2\/posts\/28290","targetHints":{"allow":["GET"]}}],"collection":[{"href":"https:\/\/www.amt.genova.it\/amt\/wp-json\/wp\/v2\/posts"}],"about":[{"href":"https:\/\/www.amt.genova.it\/amt\/wp-json\/wp\/v2\/types\/post"}],"author":[{"embeddable":true,"href":"https:\/\/www.amt.genova.it\/amt\/wp-json\/wp\/v2\/users\/2"}],"replies":[{"embeddable":true,"href":"https:\/\/www.amt.genova.it\/amt\/wp-json\/wp\/v2\/comments?post=28290"}],"version-history":[{"count":1,"href":"https:\/\/www.amt.genova.it\/amt\/wp-json\/wp\/v2\/posts\/28290\/revisions"}],"predecessor-version":[{"id":28294,"href":"https:\/\/www.amt.genova.it\/amt\/wp-json\/wp\/v2\/posts\/28290\/revisions\/28294"}],"wp:featuredmedia":[{"embeddable":true,"href":"https:\/\/www.amt.genova.it\/amt\/wp-json\/wp\/v2\/media\/28291"}],"wp:attachment":[{"href":"https:\/\/www.amt.genova.it\/amt\/wp-json\/wp\/v2\/media?parent=28290"}],"wp:term":[{"taxonomy":"category","embeddable":true,"href":"https:\/\/www.amt.genova.it\/amt\/wp-json\/wp\/v2\/categories?post=28290"},{"taxonomy":"post_tag","embeddable":true,"href":"https:\/\/www.amt.genova.it\/amt\/wp-json\/wp\/v2\/tags?post=28290"}],"curies":[{"name":"wp","href":"https:\/\/api.w.org\/{rel}","templated":true}]}}