{"id":28211,"date":"2021-07-16T22:00:06","date_gmt":"2021-07-16T20:00:06","guid":{"rendered":"https:\/\/www.amt.genova.it\/amt\/?p=28211"},"modified":"2021-07-16T22:00:31","modified_gmt":"2021-07-16T20:00:31","slug":"trasporto-provinciale-da-lunedi-19-luglio-variazione-al-servizio-alla-linea-14","status":"publish","type":"post","link":"https:\/\/www.amt.genova.it\/amt\/trasporto-provinciale-da-lunedi-19-luglio-variazione-al-servizio-alla-linea-14\/","title":{"rendered":"Trasporto provinciale. Da luned\u00ec 19 luglio variazione al servizio alla linea 14"},"content":{"rendered":"<p>Si avvisa che da luned\u00ec 19 luglio la linea 14 Chiavari FS - Villagrande di Cichero - Ferreccio subir\u00e0 la seguente variazione al servizio: la corsa in partenza da Villagrande delle ore 6:02 verr\u00e0 posticipata alle ore 6:14.<\/p>\n<p>L'orario della linea 14 in vigore da luned\u00ec 19 luglio \u00e8 consultabile qui:<\/p>\n<p><a href=\"\/amt\/wp-content\/uploads\/2021\/07\/14.pdf\">Orari linea 14 in vigore dal 19 luglio<\/a><\/p>\n<p>&nbsp;<\/p>\n<p>&nbsp;<\/p>\n ","protected":false},"excerpt":{"rendered":"Si avvisa che da luned\u00ec 19 luglio la linea 14 Chiavari FS - Villagrande di Cichero - Ferreccio subir\u00e0 la seguente variazione al servizio: la corsa in partenza da Villagrande delle ore 6:02 verr\u00e0 posticipata alle ore 6:14. L'orario della linea 14 in vigore da luned\u00ec 19 luglio \u00e8 consultabile qui: Orari linea 14 in vigore dal 19 luglio &nbsp;&nbsp;<a href=\"https:\/\/www.amt.genova.it\/amt\/trasporto-provinciale-da-lunedi-19-luglio-variazione-al-servizio-alla-linea-14\/\" class=\"read-more\">Continue Reading<\/a>","protected":false},"author":2,"featured_media":28210,"comment_status":"closed","ping_status":"open","sticky":false,"template":"","format":"standard","meta":{"footnotes":""},"categories":[56,4,65],"tags":[],"class_list":["post-28211","post","type-post","status-publish","format-standard","has-post-thumbnail","hentry","category-homepage","category-notizie","category-provinciale","cat-56-id","cat-4-id","cat-65-id"],"_links":{"self":[{"href":"https:\/\/www.amt.genova.it\/amt\/wp-json\/wp\/v2\/posts\/28211","targetHints":{"allow":["GET"]}}],"collection":[{"href":"https:\/\/www.amt.genova.it\/amt\/wp-json\/wp\/v2\/posts"}],"about":[{"href":"https:\/\/www.amt.genova.it\/amt\/wp-json\/wp\/v2\/types\/post"}],"author":[{"embeddable":true,"href":"https:\/\/www.amt.genova.it\/amt\/wp-json\/wp\/v2\/users\/2"}],"replies":[{"embeddable":true,"href":"https:\/\/www.amt.genova.it\/amt\/wp-json\/wp\/v2\/comments?post=28211"}],"version-history":[{"count":2,"href":"https:\/\/www.amt.genova.it\/amt\/wp-json\/wp\/v2\/posts\/28211\/revisions"}],"predecessor-version":[{"id":28214,"href":"https:\/\/www.amt.genova.it\/amt\/wp-json\/wp\/v2\/posts\/28211\/revisions\/28214"}],"wp:featuredmedia":[{"embeddable":true,"href":"https:\/\/www.amt.genova.it\/amt\/wp-json\/wp\/v2\/media\/28210"}],"wp:attachment":[{"href":"https:\/\/www.amt.genova.it\/amt\/wp-json\/wp\/v2\/media?parent=28211"}],"wp:term":[{"taxonomy":"category","embeddable":true,"href":"https:\/\/www.amt.genova.it\/amt\/wp-json\/wp\/v2\/categories?post=28211"},{"taxonomy":"post_tag","embeddable":true,"href":"https:\/\/www.amt.genova.it\/amt\/wp-json\/wp\/v2\/tags?post=28211"}],"curies":[{"name":"wp","href":"https:\/\/api.w.org\/{rel}","templated":true}]}}