{"id":28189,"date":"2021-07-15T17:10:55","date_gmt":"2021-07-15T15:10:55","guid":{"rendered":"https:\/\/www.amt.genova.it\/amt\/?p=28189"},"modified":"2021-07-15T17:10:55","modified_gmt":"2021-07-15T15:10:55","slug":"trasporto-provinciale-linea-2-chiavari-leivi-soppressione-di-alcune-corse-per-la-chiesa-di-ri-alto","status":"publish","type":"post","link":"https:\/\/www.amt.genova.it\/amt\/trasporto-provinciale-linea-2-chiavari-leivi-soppressione-di-alcune-corse-per-la-chiesa-di-ri-alto\/","title":{"rendered":"Trasporto provinciale. Linea 2 Chiavari &#8211; Leivi, soppressione di alcune corse per la chiesa di Ri Alto"},"content":{"rendered":"<p>Si informa che <strong>venerd\u00ec 16, mercoled\u00ec 21, gioved\u00ec 22 e venerd\u00ec 23 luglio,<\/strong> causa chiusura per asfaltatura di Via Ri Alto nel Comune di Chiavari, verranno soppresse le seguenti corse per la chiesa di Ri Alto della <strong>linea 2 Chiavari \u2013 Leivi<\/strong>:<\/p>\n<ul>\n<li>ore 09:45 ritorno ore 10:00<\/li>\n<li>ore 11:15 ritorno ore 11:30<\/li>\n<li>ore 13:45 ritorno ore 14:00<\/li>\n<li>ore 17:30 ritorno ore 17:45<\/li>\n<\/ul>\n ","protected":false},"excerpt":{"rendered":"Si informa che venerd\u00ec 16, mercoled\u00ec 21, gioved\u00ec 22 e venerd\u00ec 23 luglio, causa chiusura per asfaltatura di Via Ri Alto nel Comune di Chiavari, verranno soppresse le seguenti corse per la chiesa di Ri Alto della linea 2 Chiavari \u2013 Leivi: ore 09:45 ritorno ore 10:00 ore 11:15 ritorno ore 11:30 ore 13:45 ritorno ore 14:00 ore 17:30 ritorno&nbsp;<a href=\"https:\/\/www.amt.genova.it\/amt\/trasporto-provinciale-linea-2-chiavari-leivi-soppressione-di-alcune-corse-per-la-chiesa-di-ri-alto\/\" class=\"read-more\">Continue Reading<\/a>","protected":false},"author":2,"featured_media":26508,"comment_status":"closed","ping_status":"open","sticky":false,"template":"","format":"standard","meta":{"footnotes":""},"categories":[56,4,65],"tags":[],"class_list":["post-28189","post","type-post","status-publish","format-standard","has-post-thumbnail","hentry","category-homepage","category-notizie","category-provinciale","cat-56-id","cat-4-id","cat-65-id"],"_links":{"self":[{"href":"https:\/\/www.amt.genova.it\/amt\/wp-json\/wp\/v2\/posts\/28189","targetHints":{"allow":["GET"]}}],"collection":[{"href":"https:\/\/www.amt.genova.it\/amt\/wp-json\/wp\/v2\/posts"}],"about":[{"href":"https:\/\/www.amt.genova.it\/amt\/wp-json\/wp\/v2\/types\/post"}],"author":[{"embeddable":true,"href":"https:\/\/www.amt.genova.it\/amt\/wp-json\/wp\/v2\/users\/2"}],"replies":[{"embeddable":true,"href":"https:\/\/www.amt.genova.it\/amt\/wp-json\/wp\/v2\/comments?post=28189"}],"version-history":[{"count":1,"href":"https:\/\/www.amt.genova.it\/amt\/wp-json\/wp\/v2\/posts\/28189\/revisions"}],"predecessor-version":[{"id":28190,"href":"https:\/\/www.amt.genova.it\/amt\/wp-json\/wp\/v2\/posts\/28189\/revisions\/28190"}],"wp:featuredmedia":[{"embeddable":true,"href":"https:\/\/www.amt.genova.it\/amt\/wp-json\/wp\/v2\/media\/26508"}],"wp:attachment":[{"href":"https:\/\/www.amt.genova.it\/amt\/wp-json\/wp\/v2\/media?parent=28189"}],"wp:term":[{"taxonomy":"category","embeddable":true,"href":"https:\/\/www.amt.genova.it\/amt\/wp-json\/wp\/v2\/categories?post=28189"},{"taxonomy":"post_tag","embeddable":true,"href":"https:\/\/www.amt.genova.it\/amt\/wp-json\/wp\/v2\/tags?post=28189"}],"curies":[{"name":"wp","href":"https:\/\/api.w.org\/{rel}","templated":true}]}}