{"id":28048,"date":"2021-07-06T08:23:14","date_gmt":"2021-07-06T06:23:14","guid":{"rendered":"https:\/\/www.amt.genova.it\/amt\/?p=28048"},"modified":"2021-07-08T08:27:14","modified_gmt":"2021-07-08T06:27:14","slug":"chiusura-di-corso-mameli-a-rapallo-variazioni-al-servizio","status":"publish","type":"post","link":"https:\/\/www.amt.genova.it\/amt\/chiusura-di-corso-mameli-a-rapallo-variazioni-al-servizio\/","title":{"rendered":"Chiusura di corso Mameli a Rapallo. Variazioni al servizio."},"content":{"rendered":"<p>Si informa che dalle ore 21:00 di oggi marted\u00ec 6 e fino alle 6:00 di domani mercoled\u00ec 7 luglio verr\u00e0 chiusa al traffico veicolare corso Mameli a Rapallo pertanto tutte le corse programmate in tale fascia oraria giunte alla stazione di Rapallo \/ piazza delle Nazioni percorreranno via della Libert\u00e0 anzich\u00e9 via Lamarmora.<\/p>\n ","protected":false},"excerpt":{"rendered":"Si informa che dalle ore 21:00 di oggi marted\u00ec 6 e fino alle 6:00 di domani mercoled\u00ec 7 luglio verr\u00e0 chiusa al traffico veicolare corso Mameli a Rapallo pertanto tutte le corse programmate in tale fascia oraria giunte alla stazione di Rapallo \/ piazza delle Nazioni percorreranno via della Libert\u00e0 anzich\u00e9 via Lamarmora.","protected":false},"author":2,"featured_media":26751,"comment_status":"closed","ping_status":"open","sticky":false,"template":"","format":"standard","meta":{"footnotes":""},"categories":[4,65],"tags":[],"class_list":["post-28048","post","type-post","status-publish","format-standard","has-post-thumbnail","hentry","category-notizie","category-provinciale","cat-4-id","cat-65-id"],"_links":{"self":[{"href":"https:\/\/www.amt.genova.it\/amt\/wp-json\/wp\/v2\/posts\/28048","targetHints":{"allow":["GET"]}}],"collection":[{"href":"https:\/\/www.amt.genova.it\/amt\/wp-json\/wp\/v2\/posts"}],"about":[{"href":"https:\/\/www.amt.genova.it\/amt\/wp-json\/wp\/v2\/types\/post"}],"author":[{"embeddable":true,"href":"https:\/\/www.amt.genova.it\/amt\/wp-json\/wp\/v2\/users\/2"}],"replies":[{"embeddable":true,"href":"https:\/\/www.amt.genova.it\/amt\/wp-json\/wp\/v2\/comments?post=28048"}],"version-history":[{"count":1,"href":"https:\/\/www.amt.genova.it\/amt\/wp-json\/wp\/v2\/posts\/28048\/revisions"}],"predecessor-version":[{"id":28049,"href":"https:\/\/www.amt.genova.it\/amt\/wp-json\/wp\/v2\/posts\/28048\/revisions\/28049"}],"wp:featuredmedia":[{"embeddable":true,"href":"https:\/\/www.amt.genova.it\/amt\/wp-json\/wp\/v2\/media\/26751"}],"wp:attachment":[{"href":"https:\/\/www.amt.genova.it\/amt\/wp-json\/wp\/v2\/media?parent=28048"}],"wp:term":[{"taxonomy":"category","embeddable":true,"href":"https:\/\/www.amt.genova.it\/amt\/wp-json\/wp\/v2\/categories?post=28048"},{"taxonomy":"post_tag","embeddable":true,"href":"https:\/\/www.amt.genova.it\/amt\/wp-json\/wp\/v2\/tags?post=28048"}],"curies":[{"name":"wp","href":"https:\/\/api.w.org\/{rel}","templated":true}]}}