{"id":28022,"date":"2021-07-06T13:43:02","date_gmt":"2021-07-06T11:43:02","guid":{"rendered":"https:\/\/www.amt.genova.it\/amt\/?p=28022"},"modified":"2021-07-06T14:53:43","modified_gmt":"2021-07-06T12:53:43","slug":"estate-2021-a-tutta-mobilita-con-amt-dal-5-luglio-al-via-la-linea-7c-tra-rapallo-e-il-covo-di-nord-est-e-il-collegamento-serale-tra-arenzano-cogoleto-e-loro-frazioni","status":"publish","type":"post","link":"https:\/\/www.amt.genova.it\/amt\/estate-2021-a-tutta-mobilita-con-amt-dal-5-luglio-al-via-la-linea-7c-tra-rapallo-e-il-covo-di-nord-est-e-il-collegamento-serale-tra-arenzano-cogoleto-e-loro-frazioni\/","title":{"rendered":"Estate 2021 a tutta mobilit\u00e0 con AMT. Dal 5 luglio al via la linea 7C tra Rapallo e il Covo di Nord Est e il collegamento serale tra Arenzano, Cogoleto e loro frazioni"},"content":{"rendered":"<p>Estate tempo di spiagge e di vita all\u2019aperto. AMT propone, in collaborazione con le Amministrazioni locali, servizi stagionali pensati per i clienti e i turisti che si spostano per raggiungere le localit\u00e0 balneari in modalit\u00e0 sostenibile, preferendo i mezzi pubblici.<\/p>\n<ul>\n<li><strong>Nuove corse per il Covo di Nord Est <\/strong><\/li>\n<\/ul>\n<p>La prima proposta per l\u2019estate 2021 \u00e8 il servizio della linea <strong>7C <\/strong>per il Covo di Nord Est. Da luned\u00ec 5 luglio, infatti, l\u2019offerta del servizio di trasporto pubblico verr\u00e0 ulteriormente ampliata con l\u2019introduzione di 12 coppie di corse che collegheranno la stazione di Rapallo con il centro di Santa Margherita fino al Covo di Nord Est.<br \/>\nNel dettaglio si tratta di 12 coppie di corse con partenza cadenzata, una ogni ora, dalle 8 alle 19 sulla tratta Rapallo FS - Corso Matteotti - San Michele di Pagana - Via Andrea Doria - Covo di Nord Est.<br \/>\nLe partenze da Rapallo FS dirette al Covo di Nord Est saranno ogni ora dalle 8:24 fino alle 19:24.<br \/>\nIn direzione opposta, dal Covo di Nord Est per Rapallo, le partenze saranno, sempre ogni ora, dalle 8:45 alle 19:45.<br \/>\nGli orari sono consultabili sul sito e sulla APP AMT. Per usufruire di questo servizio \u00e8 necessario munirsi di regolare titolo di viaggio acquistabile presso le rivendite, le emettitrici automatiche o direttamente dal proprio smartphone utilizzando la APP AMT.<\/p>\n<ul>\n<li><strong>Collegamento per i campeggi di Sestri Levante<\/strong><\/li>\n<\/ul>\n<p>Come di consueto, anche per l\u2019estate 2021, \u00e8 stato attivato il servizio di trasporto per gli ospiti delle strutture <strong>Oasi, Trigoso, Makall\u00e8 e Maremonti<\/strong><strong> che<\/strong> permette di raggiungere, oltre al centro cittadino, anche le pi\u00f9 belle spiagge del comune di Sestri Levante.<br \/>\nIl servizio \u00e8 partito questo fine settimana; sar\u00e0 operativo anche il weekend del 10 e 11 luglio e poi, dal 17 luglio, sar\u00e0 giornaliero fino al 29 agosto.<br \/>\nGli orari sono consultabili sul sito e sulla APP AMT, cercando gli orari delle linee bus provinciali, quindi selezionando Tigullio Orientale e poi Sestri Levante. La navetta \u00e8 identificata con il numero 961.<\/p>\n<ul>\n<li><strong><em>Corrierina del mare <\/em><\/strong><strong>a Santa Margherita<\/strong><\/li>\n<\/ul>\n<p>Come ogni estate il comune di Santa Margherita, in collaborazione con AMT, propone ai propri cittadini e turisti un servizio di collegamento giornaliero gratuito tra le frazioni e i punti principali della cittadina, nota come \u201cCorrierina del mare\u201d.<br \/>\nIl servizio consente ai residenti delle frazioni e ai turisti di raggiungere comodamente il centro citt\u00e0, la stazione ferroviaria e le spiagge. Il <strong>servizio \u00e8 gratuito<\/strong> e sar\u00e0 in vigore fino ad agosto.<\/p>\n<ul>\n<li><strong><em>Collegamento serale tra Arenzano, Cogoleto e loro frazioni<\/em><\/strong><\/li>\n<\/ul>\n<p>Spostandoci a <strong>Ponente<\/strong>, da domani, luned\u00ec 5 luglio, partir\u00e0 il servizio serale di collegamento tra <strong>Arenzano<\/strong>, <strong>Cogoleto <\/strong>e le loro frazioni, sia nei giorni feriali che festivi, come nelle precedenti stagioni estive.<\/p>\n<ul>\n<li><strong><em>Intensificazioni partite il 1\u00b0 luglio<\/em><\/strong><\/li>\n<\/ul>\n<p>Ricordiamo che lo scorso 1\u00b0 luglio sono partite alcune intensificazioni al servizio provinciale serale che vengono riportate di seguito.<\/p>\n<p>\u00c8 attivo da gioved\u00ec scorso il servizio serale intensificato della <strong>linea 82 Santa Margherita \u2013 Portofino.<\/strong> La nuova offerta serale della linea che collega le due frequentatissime localit\u00e0, prevede 11 coppie di corse in pi\u00f9 che si vanno ad aggiungere alle 53 coppie di corse gi\u00e0 esistenti nell\u2019arco della giornata. L\u2019intensificazione del servizio consente di proporre, fino al 31 agosto, una frequenza di 15 minuti anche nella fascia serale. Si ricorda che sulla linea 82 \u00e8 necessario il titolo di viaggio dedicato, acquistabile presso le rivendite oppure tramite la APP AMT scaricabile gratuitamente sul proprio smartphone. \u00c8 attualmente inibita la vendita a bordo bus causa emergenza Covid.<\/p>\n<p>Il 1\u00b0 luglio \u00e8 partito anche il servizio serale della <strong>linea 73 <\/strong>sulla <strong>tratta Santa Margherita-Ruta-Camogli<\/strong> con l\u2019inserimento di 4 coppie di corse dalle 21:07 (partenza da Santa Margherita) alle 00:40 (partenza da Camogli).<\/p>\n<p>Novit\u00e0 anche a Moneglia. Il 1\u00b0 luglio \u00e8 entrato in vigore il nuovo orario della <strong>navetta 942 Moneglia FS-Park La Secca<\/strong> e sulla <strong>linea 441 Moneglia-Comeglio Littorno<\/strong> \u00e8 stata inserita una corsa serale al sabato e nei festivi.<\/p>\n ","protected":false},"excerpt":{"rendered":"Estate tempo di spiagge e di vita all\u2019aperto. AMT propone, in collaborazione con le Amministrazioni locali, servizi stagionali pensati per i clienti e i turisti che si spostano per raggiungere le localit\u00e0 balneari in modalit\u00e0 sostenibile, preferendo i mezzi pubblici. Nuove corse per il Covo di Nord Est La prima proposta per l\u2019estate 2021 \u00e8 il servizio della linea 7C&nbsp;<a href=\"https:\/\/www.amt.genova.it\/amt\/estate-2021-a-tutta-mobilita-con-amt-dal-5-luglio-al-via-la-linea-7c-tra-rapallo-e-il-covo-di-nord-est-e-il-collegamento-serale-tra-arenzano-cogoleto-e-loro-frazioni\/\" class=\"read-more\">Continue Reading<\/a>","protected":false},"author":2,"featured_media":28023,"comment_status":"closed","ping_status":"open","sticky":false,"template":"","format":"standard","meta":{"footnotes":""},"categories":[56,4,65],"tags":[],"class_list":["post-28022","post","type-post","status-publish","format-standard","has-post-thumbnail","hentry","category-homepage","category-notizie","category-provinciale","cat-56-id","cat-4-id","cat-65-id"],"_links":{"self":[{"href":"https:\/\/www.amt.genova.it\/amt\/wp-json\/wp\/v2\/posts\/28022","targetHints":{"allow":["GET"]}}],"collection":[{"href":"https:\/\/www.amt.genova.it\/amt\/wp-json\/wp\/v2\/posts"}],"about":[{"href":"https:\/\/www.amt.genova.it\/amt\/wp-json\/wp\/v2\/types\/post"}],"author":[{"embeddable":true,"href":"https:\/\/www.amt.genova.it\/amt\/wp-json\/wp\/v2\/users\/2"}],"replies":[{"embeddable":true,"href":"https:\/\/www.amt.genova.it\/amt\/wp-json\/wp\/v2\/comments?post=28022"}],"version-history":[{"count":1,"href":"https:\/\/www.amt.genova.it\/amt\/wp-json\/wp\/v2\/posts\/28022\/revisions"}],"predecessor-version":[{"id":28024,"href":"https:\/\/www.amt.genova.it\/amt\/wp-json\/wp\/v2\/posts\/28022\/revisions\/28024"}],"wp:featuredmedia":[{"embeddable":true,"href":"https:\/\/www.amt.genova.it\/amt\/wp-json\/wp\/v2\/media\/28023"}],"wp:attachment":[{"href":"https:\/\/www.amt.genova.it\/amt\/wp-json\/wp\/v2\/media?parent=28022"}],"wp:term":[{"taxonomy":"category","embeddable":true,"href":"https:\/\/www.amt.genova.it\/amt\/wp-json\/wp\/v2\/categories?post=28022"},{"taxonomy":"post_tag","embeddable":true,"href":"https:\/\/www.amt.genova.it\/amt\/wp-json\/wp\/v2\/tags?post=28022"}],"curies":[{"name":"wp","href":"https:\/\/api.w.org\/{rel}","templated":true}]}}