{"id":28010,"date":"2021-07-03T12:11:56","date_gmt":"2021-07-03T10:11:56","guid":{"rendered":"https:\/\/www.amt.genova.it\/amt\/?p=28010"},"modified":"2021-07-08T08:28:43","modified_gmt":"2021-07-08T06:28:43","slug":"da-lunedi-5-luglio-variazioni-al-servizio-alle-linee-2-e-6-di-leivi","status":"publish","type":"post","link":"https:\/\/www.amt.genova.it\/amt\/da-lunedi-5-luglio-variazioni-al-servizio-alle-linee-2-e-6-di-leivi\/","title":{"rendered":"Da luned\u00ec 5 luglio variazioni al servizio alle linee 2 e 6 di Leivi"},"content":{"rendered":"<p>Da luned\u00ec 5 luglio inizieranno i lavori di asfaltatura in Via Rialto nel comune di Chiavari. La strada sar\u00e0 chiusa al traffico veicolare dalle ore 8:30 alle ore 12:00 e dalle ore 13:30 alle ore 18:00 pertanto le linee 2 e 6 Chiavari \u2013 Leivi subiranno alcune modifiche.<\/p>\n<p>Qui puoi scaricare l\u2019orario provvisorio che rester\u00e0 in vigore fino al termine dei lavori.<\/p>\n<p><a href=\"\/amt\/wp-content\/uploads\/2021\/07\/2-6_provvisorio.pdf\">Orario provvisorio linee 2 e 6<\/a><\/p>\n ","protected":false},"excerpt":{"rendered":"Da luned\u00ec 5 luglio inizieranno i lavori di asfaltatura in Via Rialto nel comune di Chiavari. La strada sar\u00e0 chiusa al traffico veicolare dalle ore 8:30 alle ore 12:00 e dalle ore 13:30 alle ore 18:00 pertanto le linee 2 e 6 Chiavari \u2013 Leivi subiranno alcune modifiche. Qui puoi scaricare l\u2019orario provvisorio che rester\u00e0 in vigore fino al termine&nbsp;<a href=\"https:\/\/www.amt.genova.it\/amt\/da-lunedi-5-luglio-variazioni-al-servizio-alle-linee-2-e-6-di-leivi\/\" class=\"read-more\">Continue Reading<\/a>","protected":false},"author":2,"featured_media":28009,"comment_status":"closed","ping_status":"open","sticky":false,"template":"","format":"standard","meta":{"footnotes":""},"categories":[4,65],"tags":[],"class_list":["post-28010","post","type-post","status-publish","format-standard","has-post-thumbnail","hentry","category-notizie","category-provinciale","cat-4-id","cat-65-id"],"_links":{"self":[{"href":"https:\/\/www.amt.genova.it\/amt\/wp-json\/wp\/v2\/posts\/28010","targetHints":{"allow":["GET"]}}],"collection":[{"href":"https:\/\/www.amt.genova.it\/amt\/wp-json\/wp\/v2\/posts"}],"about":[{"href":"https:\/\/www.amt.genova.it\/amt\/wp-json\/wp\/v2\/types\/post"}],"author":[{"embeddable":true,"href":"https:\/\/www.amt.genova.it\/amt\/wp-json\/wp\/v2\/users\/2"}],"replies":[{"embeddable":true,"href":"https:\/\/www.amt.genova.it\/amt\/wp-json\/wp\/v2\/comments?post=28010"}],"version-history":[{"count":2,"href":"https:\/\/www.amt.genova.it\/amt\/wp-json\/wp\/v2\/posts\/28010\/revisions"}],"predecessor-version":[{"id":28013,"href":"https:\/\/www.amt.genova.it\/amt\/wp-json\/wp\/v2\/posts\/28010\/revisions\/28013"}],"wp:featuredmedia":[{"embeddable":true,"href":"https:\/\/www.amt.genova.it\/amt\/wp-json\/wp\/v2\/media\/28009"}],"wp:attachment":[{"href":"https:\/\/www.amt.genova.it\/amt\/wp-json\/wp\/v2\/media?parent=28010"}],"wp:term":[{"taxonomy":"category","embeddable":true,"href":"https:\/\/www.amt.genova.it\/amt\/wp-json\/wp\/v2\/categories?post=28010"},{"taxonomy":"post_tag","embeddable":true,"href":"https:\/\/www.amt.genova.it\/amt\/wp-json\/wp\/v2\/tags?post=28010"}],"curies":[{"name":"wp","href":"https:\/\/api.w.org\/{rel}","templated":true}]}}