{"id":28006,"date":"2021-07-03T11:40:09","date_gmt":"2021-07-03T09:40:09","guid":{"rendered":"https:\/\/www.amt.genova.it\/amt\/?p=28006"},"modified":"2021-07-08T08:29:00","modified_gmt":"2021-07-08T06:29:00","slug":"da-lunedi-5-luglio-variazioni-al-servizio-sulla-linea-802-recco-megli","status":"publish","type":"post","link":"https:\/\/www.amt.genova.it\/amt\/da-lunedi-5-luglio-variazioni-al-servizio-sulla-linea-802-recco-megli\/","title":{"rendered":"Luned\u00ec 5 e marted\u00ec 6 luglio variazioni al servizio sulla linea 802 Recco &#8211; Megli"},"content":{"rendered":"<p>Luned\u00ec 5 e marted\u00ec 6 luglio, a causa di lavori di asfaltatura, le corse della linea 802 Recco \u2013 Megli \u2013 Polanesi \u2013 Montefiorito \u2013 Recco delle ore 13:30, 15:30 e 17:30, giunte alla chiesa di Megli torneranno a Recco percorrendo via Salvo d\u2019Acquisto, via Montefiorito, via del Castello, per terminare al capolinea di Recco.<\/p>\n ","protected":false},"excerpt":{"rendered":"Luned\u00ec 5 e marted\u00ec 6 luglio, a causa di lavori di asfaltatura, le corse della linea 802 Recco \u2013 Megli \u2013 Polanesi \u2013 Montefiorito \u2013 Recco delle ore 13:30, 15:30 e 17:30, giunte alla chiesa di Megli torneranno a Recco percorrendo via Salvo d\u2019Acquisto, via Montefiorito, via del Castello, per terminare al capolinea di Recco.","protected":false},"author":2,"featured_media":24606,"comment_status":"closed","ping_status":"open","sticky":false,"template":"","format":"standard","meta":{"footnotes":""},"categories":[4,65],"tags":[],"class_list":["post-28006","post","type-post","status-publish","format-standard","has-post-thumbnail","hentry","category-notizie","category-provinciale","cat-4-id","cat-65-id"],"_links":{"self":[{"href":"https:\/\/www.amt.genova.it\/amt\/wp-json\/wp\/v2\/posts\/28006","targetHints":{"allow":["GET"]}}],"collection":[{"href":"https:\/\/www.amt.genova.it\/amt\/wp-json\/wp\/v2\/posts"}],"about":[{"href":"https:\/\/www.amt.genova.it\/amt\/wp-json\/wp\/v2\/types\/post"}],"author":[{"embeddable":true,"href":"https:\/\/www.amt.genova.it\/amt\/wp-json\/wp\/v2\/users\/2"}],"replies":[{"embeddable":true,"href":"https:\/\/www.amt.genova.it\/amt\/wp-json\/wp\/v2\/comments?post=28006"}],"version-history":[{"count":3,"href":"https:\/\/www.amt.genova.it\/amt\/wp-json\/wp\/v2\/posts\/28006\/revisions"}],"predecessor-version":[{"id":28019,"href":"https:\/\/www.amt.genova.it\/amt\/wp-json\/wp\/v2\/posts\/28006\/revisions\/28019"}],"wp:featuredmedia":[{"embeddable":true,"href":"https:\/\/www.amt.genova.it\/amt\/wp-json\/wp\/v2\/media\/24606"}],"wp:attachment":[{"href":"https:\/\/www.amt.genova.it\/amt\/wp-json\/wp\/v2\/media?parent=28006"}],"wp:term":[{"taxonomy":"category","embeddable":true,"href":"https:\/\/www.amt.genova.it\/amt\/wp-json\/wp\/v2\/categories?post=28006"},{"taxonomy":"post_tag","embeddable":true,"href":"https:\/\/www.amt.genova.it\/amt\/wp-json\/wp\/v2\/tags?post=28006"}],"curies":[{"name":"wp","href":"https:\/\/api.w.org\/{rel}","templated":true}]}}