{"id":27986,"date":"2021-07-01T20:01:28","date_gmt":"2021-07-01T18:01:28","guid":{"rendered":"https:\/\/www.amt.genova.it\/amt\/?p=27986"},"modified":"2021-07-04T11:27:16","modified_gmt":"2021-07-04T09:27:16","slug":"messa-solenne-del-3-luglio-a-rapallo-variazioni-al-servizio","status":"publish","type":"post","link":"https:\/\/www.amt.genova.it\/amt\/messa-solenne-del-3-luglio-a-rapallo-variazioni-al-servizio\/","title":{"rendered":"Messa solenne del 3 luglio a Rapallo: variazioni al servizio"},"content":{"rendered":"<p>Sabato 3 luglio, per consentire lo svolgimento della Santa Messa Solenne a Rapallo, dalle ore 16:00 verr\u00e0 chiuso al traffico veicolare il capolinea di piazza delle Nazioni e, dalle ore 20:00, verranno interdette anche corso Assereto, corso Italia e parte di corso Matteotti. A seguito di queste chiusure, le linee bus subiranno le modifiche di seguito dettagliate.<\/p>\n<ul>\n<li><strong>Linea 75<\/strong>: dalle ore 16:00 effettuer\u00e0 capolinea sulla fermata provvisoria davanti alla Stazione FS e dalle ore 20:00 effettuer\u00e0 capolinea in corso Giacomo Matteotti (fronte OVS).<\/li>\n<\/ul>\n<ul>\n<li><strong>Linea 98<\/strong>: dalle ore 16:00 transiter\u00e0 in corso Assereto (Aurelia) effettuando le fermate provvisorie davanti alla Stazione FS e dalle ore 20:00 transiter\u00e0 in entrambe le direzioni in via della Libert\u00e0, via Mons. Giustiniani, Lungomare Vittorio Veneto.<\/li>\n<\/ul>\n<ul>\n<li><strong>Linea 7<\/strong>: dalle ore 16:00 transiter\u00e0 in corso Assereto (Aurelia) effettuando le fermate provvisorie davanti alla Stazione FS e dalle ore 20:00 transiter\u00e0, in entrambe le direzioni, in corso Giacomo Matteotti e via della Libert\u00e0.<\/li>\n<li><strong>Linee locali<\/strong>: effettueranno capolinea in via Milite Ignoto, adiacente al civico 41 (ristorante Cavallino Bianco) dalle ore 16:00 transitando in corso Assereto e dalle ore 20:00 transitando in Lungomare Vittorio Veneto<\/li>\n<\/ul>\n ","protected":false},"excerpt":{"rendered":"Sabato 3 luglio, per consentire lo svolgimento della Santa Messa Solenne a Rapallo, dalle ore 16:00 verr\u00e0 chiuso al traffico veicolare il capolinea di piazza delle Nazioni e, dalle ore 20:00, verranno interdette anche corso Assereto, corso Italia e parte di corso Matteotti. A seguito di queste chiusure, le linee bus subiranno le modifiche di seguito dettagliate. Linea 75: dalle&nbsp;<a href=\"https:\/\/www.amt.genova.it\/amt\/messa-solenne-del-3-luglio-a-rapallo-variazioni-al-servizio\/\" class=\"read-more\">Continue Reading<\/a>","protected":false},"author":2,"featured_media":26751,"comment_status":"closed","ping_status":"open","sticky":false,"template":"","format":"standard","meta":{"footnotes":""},"categories":[4,65],"tags":[],"class_list":["post-27986","post","type-post","status-publish","format-standard","has-post-thumbnail","hentry","category-notizie","category-provinciale","cat-4-id","cat-65-id"],"_links":{"self":[{"href":"https:\/\/www.amt.genova.it\/amt\/wp-json\/wp\/v2\/posts\/27986","targetHints":{"allow":["GET"]}}],"collection":[{"href":"https:\/\/www.amt.genova.it\/amt\/wp-json\/wp\/v2\/posts"}],"about":[{"href":"https:\/\/www.amt.genova.it\/amt\/wp-json\/wp\/v2\/types\/post"}],"author":[{"embeddable":true,"href":"https:\/\/www.amt.genova.it\/amt\/wp-json\/wp\/v2\/users\/2"}],"replies":[{"embeddable":true,"href":"https:\/\/www.amt.genova.it\/amt\/wp-json\/wp\/v2\/comments?post=27986"}],"version-history":[{"count":1,"href":"https:\/\/www.amt.genova.it\/amt\/wp-json\/wp\/v2\/posts\/27986\/revisions"}],"predecessor-version":[{"id":27987,"href":"https:\/\/www.amt.genova.it\/amt\/wp-json\/wp\/v2\/posts\/27986\/revisions\/27987"}],"wp:featuredmedia":[{"embeddable":true,"href":"https:\/\/www.amt.genova.it\/amt\/wp-json\/wp\/v2\/media\/26751"}],"wp:attachment":[{"href":"https:\/\/www.amt.genova.it\/amt\/wp-json\/wp\/v2\/media?parent=27986"}],"wp:term":[{"taxonomy":"category","embeddable":true,"href":"https:\/\/www.amt.genova.it\/amt\/wp-json\/wp\/v2\/categories?post=27986"},{"taxonomy":"post_tag","embeddable":true,"href":"https:\/\/www.amt.genova.it\/amt\/wp-json\/wp\/v2\/tags?post=27986"}],"curies":[{"name":"wp","href":"https:\/\/api.w.org\/{rel}","templated":true}]}}