{"id":27819,"date":"2021-06-23T15:39:36","date_gmt":"2021-06-23T13:39:36","guid":{"rendered":"https:\/\/www.amt.genova.it\/amt\/?p=27819"},"modified":"2021-06-23T16:33:52","modified_gmt":"2021-06-23T14:33:52","slug":"al-via-su-citypass-il-nuovo-bimestrale-integrato-estivo-valido-sulle-reti-urbana-e-provinciale-due-mesi-a-98-euro-per-viaggiare-su-tutta-la-rete-amt-dai-monti-al-mare","status":"publish","type":"post","link":"https:\/\/www.amt.genova.it\/amt\/al-via-su-citypass-il-nuovo-bimestrale-integrato-estivo-valido-sulle-reti-urbana-e-provinciale-due-mesi-a-98-euro-per-viaggiare-su-tutta-la-rete-amt-dai-monti-al-mare\/","title":{"rendered":"Al via su CityPass il nuovo bimestrale integrato estivo valido sulle reti urbana e provinciale.Due mesi a 98 euro per viaggiare su tutta la rete AMT, dai monti al mare"},"content":{"rendered":"<p>L\u2019estate 2021 di AMT parte all\u2019insegna dell\u2019abbonamento <strong>bimestrale estivo <\/strong>che <strong>per la prima volta integra<\/strong> la rete urbana di Genova, la ferrovia Genova Casella e l\u2019articolata rete bus provinciale. Un importante passo avanti nel processo di integrazione tariffaria tra i due ambiti, urbano genovese e metropolitano.<\/p>\n<p>Il bimestrale estivo potr\u00e0 essere acquistato solo con la card CityPass e, per due mesi, cittadini e turisti potranno utilizzare, pagando soltanto 98 euro, tutta la multimodalit\u00e0 di AMT; un modo per presentare, a quanti ancora non la conoscono, la nuova rete integrata del trasporto pubblico.<\/p>\n<p>Un abbonamento, quindi, con una spiccata vocazione turistica che permette di muoversi in totale libert\u00e0 alla scoperta del territorio: dalle localit\u00e0 della riviera alle bellezze di Genova, dal suggestivo entroterra agli angoli pi\u00f9 pittoreschi da ponente a levante. Come recita la campagna promozionale che accompagna il lancio del nuovo bimestrale, presente dai prossimi giorni su tutti i mezzi AMT, non sar\u00e0 pi\u00f9 necessario scegliere tra mare o monti: <strong>il bimestrale caricato su CityPass sar\u00e0 un passe-partout, da portare sempre con s\u00e9 <\/strong>per viaggiare ovunque su tutto il territorio compreso nell\u2019area vasta metropolitana.<\/p>\n<p>Il bimestrale costa solo <strong>98 euro<\/strong> (anzich\u00e9 150 euro se si acquistassero due mensili integrati urbano, provinciale e FGC), <strong>si acquista online <\/strong>sul sito www.amt.genova.it e viene caricato sulla propria card CityPass; \u00e8 possibile acquistarlo anche tramite la APP se si \u00e8 in possesso di un CityPass dematerializzato.<\/p>\n<p><strong>La promozione \u00e8 valida dal 29 giugno al 15 ottobre 2021; <\/strong>il cliente potr\u00e0 scegliere il giorno di decorrenza dell\u2019abbonamento, non necessariamente il primo del mese, e il titolo di viaggio varr\u00e0 per i successivi 60 giorni. Il giorno di partenza deve essere compreso entro 30 giorni dalla data di acquisto.<\/p>\n<p>La tariffa estiva si pu\u00f2 utilizzare su <strong>tutta la rete AMT<\/strong> compreso il servizio <strong>Navebus<\/strong> e sulla tratta urbana Trenitalia (da Nervi a Voltri, compresa Vesima e da Acquasanta a Pontedecimo), la <strong>rete provinciale e la ferrovia Genova - Casella<\/strong>.<\/p>\n<p><strong>\u00a0<\/strong>Per viaggiare su Navebus e FGC \u00e8 necessario portare con s\u00e9 oltre al CityPass anche la ricevuta di attestazione del proprio abbonamento rilasciata con l'acquisto.<\/p>\n<p>Tutte le informazioni sul bimestrale e la pagina del sito per l\u2019acquisto si potranno consultare a partire da marted\u00ec 29 giugno, giorno di avvio della promozione. La pagina sar\u00e0 accessibile direttamente dall\u2019homepage di www.amt.genova.it, cliccando sul bottone dedicato, oppure dalla sezione Biglietti e Abbonamenti\/Acquisto online e via SMS.<\/p>\n<p><a href=\"\/amt\/wp-content\/uploads\/2021\/06\/Campagna-Bimestrale.pdf\">La campagna di promozione del bimestrale estivo<\/a><\/p>\n ","protected":false},"excerpt":{"rendered":"L\u2019estate 2021 di AMT parte all\u2019insegna dell\u2019abbonamento bimestrale estivo che per la prima volta integra la rete urbana di Genova, la ferrovia Genova Casella e l\u2019articolata rete bus provinciale. Un importante passo avanti nel processo di integrazione tariffaria tra i due ambiti, urbano genovese e metropolitano. Il bimestrale estivo potr\u00e0 essere acquistato solo con la card CityPass e, per due&nbsp;<a href=\"https:\/\/www.amt.genova.it\/amt\/al-via-su-citypass-il-nuovo-bimestrale-integrato-estivo-valido-sulle-reti-urbana-e-provinciale-due-mesi-a-98-euro-per-viaggiare-su-tutta-la-rete-amt-dai-monti-al-mare\/\" class=\"read-more\">Continue Reading<\/a>","protected":false},"author":2,"featured_media":27800,"comment_status":"closed","ping_status":"open","sticky":false,"template":"","format":"standard","meta":{"footnotes":""},"categories":[56,4],"tags":[],"class_list":["post-27819","post","type-post","status-publish","format-standard","has-post-thumbnail","hentry","category-homepage","category-notizie","cat-56-id","cat-4-id"],"_links":{"self":[{"href":"https:\/\/www.amt.genova.it\/amt\/wp-json\/wp\/v2\/posts\/27819","targetHints":{"allow":["GET"]}}],"collection":[{"href":"https:\/\/www.amt.genova.it\/amt\/wp-json\/wp\/v2\/posts"}],"about":[{"href":"https:\/\/www.amt.genova.it\/amt\/wp-json\/wp\/v2\/types\/post"}],"author":[{"embeddable":true,"href":"https:\/\/www.amt.genova.it\/amt\/wp-json\/wp\/v2\/users\/2"}],"replies":[{"embeddable":true,"href":"https:\/\/www.amt.genova.it\/amt\/wp-json\/wp\/v2\/comments?post=27819"}],"version-history":[{"count":2,"href":"https:\/\/www.amt.genova.it\/amt\/wp-json\/wp\/v2\/posts\/27819\/revisions"}],"predecessor-version":[{"id":27825,"href":"https:\/\/www.amt.genova.it\/amt\/wp-json\/wp\/v2\/posts\/27819\/revisions\/27825"}],"wp:featuredmedia":[{"embeddable":true,"href":"https:\/\/www.amt.genova.it\/amt\/wp-json\/wp\/v2\/media\/27800"}],"wp:attachment":[{"href":"https:\/\/www.amt.genova.it\/amt\/wp-json\/wp\/v2\/media?parent=27819"}],"wp:term":[{"taxonomy":"category","embeddable":true,"href":"https:\/\/www.amt.genova.it\/amt\/wp-json\/wp\/v2\/categories?post=27819"},{"taxonomy":"post_tag","embeddable":true,"href":"https:\/\/www.amt.genova.it\/amt\/wp-json\/wp\/v2\/tags?post=27819"}],"curies":[{"name":"wp","href":"https:\/\/api.w.org\/{rel}","templated":true}]}}