{"id":27527,"date":"2021-06-13T18:18:39","date_gmt":"2021-06-13T16:18:39","guid":{"rendered":"https:\/\/www.amt.genova.it\/amt\/?p=27527"},"modified":"2021-06-15T16:19:21","modified_gmt":"2021-06-15T14:19:21","slug":"attivita-di-manutenzione-in-metropolitana-chiusura-serale-anticipata-15-16-e-17-giugno","status":"publish","type":"post","link":"https:\/\/www.amt.genova.it\/amt\/attivita-di-manutenzione-in-metropolitana-chiusura-serale-anticipata-15-16-e-17-giugno\/","title":{"rendered":"Attivit\u00e0 di manutenzione in metropolitana. Chiusura serale anticipata 15, 16 e 17 giugno"},"content":{"rendered":"<p>Proseguono le settimanali attivit\u00e0 di manutenzione della metropolitana. I lavori in metro, per ragioni di sicurezza, devono svolgersi senza la circolazione dei treni e in un arco temporale adeguato, che non sia compreso solo tra la mezzanotte e le 4 del mattino; per questo motivo la metro chiude alcune sere anticipatamente. La prossima settimana la chiusura anticipata \u00e8 prevista nelle serate di <strong>marted\u00ec 15, mercoled\u00ec 16 e gioved\u00ec 17 giugno.<\/strong><\/p>\n<p>Il <strong>piano lavori<\/strong> prevede attivit\u00e0 di verifica in galleria e interventi sulle rotaie presso le stazioni di Dinegro e Sarzano.<\/p>\n<p>Le <strong>ultime partenze<\/strong> saranno alle <strong>ore 21.10 da Brin <\/strong>per Brignole e alle<strong> ore 21.17 da Brignole<\/strong> per Brin. Il collegamento serale con la Valpolcevera \u00e8 garantito dalla <strong>linea 9<\/strong> (Caricamento - Brin - Pontedecimo).<\/p>\n ","protected":false},"excerpt":{"rendered":"Proseguono le settimanali attivit\u00e0 di manutenzione della metropolitana. I lavori in metro, per ragioni di sicurezza, devono svolgersi senza la circolazione dei treni e in un arco temporale adeguato, che non sia compreso solo tra la mezzanotte e le 4 del mattino; per questo motivo la metro chiude alcune sere anticipatamente. La prossima settimana la chiusura anticipata \u00e8 prevista nelle&nbsp;<a href=\"https:\/\/www.amt.genova.it\/amt\/attivita-di-manutenzione-in-metropolitana-chiusura-serale-anticipata-15-16-e-17-giugno\/\" class=\"read-more\">Continue Reading<\/a>","protected":false},"author":2,"featured_media":25026,"comment_status":"closed","ping_status":"open","sticky":false,"template":"","format":"standard","meta":{"footnotes":""},"categories":[56,4,64],"tags":[],"class_list":["post-27527","post","type-post","status-publish","format-standard","has-post-thumbnail","hentry","category-homepage","category-notizie","category-urbano","cat-56-id","cat-4-id","cat-64-id"],"_links":{"self":[{"href":"https:\/\/www.amt.genova.it\/amt\/wp-json\/wp\/v2\/posts\/27527","targetHints":{"allow":["GET"]}}],"collection":[{"href":"https:\/\/www.amt.genova.it\/amt\/wp-json\/wp\/v2\/posts"}],"about":[{"href":"https:\/\/www.amt.genova.it\/amt\/wp-json\/wp\/v2\/types\/post"}],"author":[{"embeddable":true,"href":"https:\/\/www.amt.genova.it\/amt\/wp-json\/wp\/v2\/users\/2"}],"replies":[{"embeddable":true,"href":"https:\/\/www.amt.genova.it\/amt\/wp-json\/wp\/v2\/comments?post=27527"}],"version-history":[{"count":1,"href":"https:\/\/www.amt.genova.it\/amt\/wp-json\/wp\/v2\/posts\/27527\/revisions"}],"predecessor-version":[{"id":27528,"href":"https:\/\/www.amt.genova.it\/amt\/wp-json\/wp\/v2\/posts\/27527\/revisions\/27528"}],"wp:featuredmedia":[{"embeddable":true,"href":"https:\/\/www.amt.genova.it\/amt\/wp-json\/wp\/v2\/media\/25026"}],"wp:attachment":[{"href":"https:\/\/www.amt.genova.it\/amt\/wp-json\/wp\/v2\/media?parent=27527"}],"wp:term":[{"taxonomy":"category","embeddable":true,"href":"https:\/\/www.amt.genova.it\/amt\/wp-json\/wp\/v2\/categories?post=27527"},{"taxonomy":"post_tag","embeddable":true,"href":"https:\/\/www.amt.genova.it\/amt\/wp-json\/wp\/v2\/tags?post=27527"}],"curies":[{"name":"wp","href":"https:\/\/api.w.org\/{rel}","templated":true}]}}