{"id":27520,"date":"2021-06-11T17:32:49","date_gmt":"2021-06-11T15:32:49","guid":{"rendered":"https:\/\/www.amt.genova.it\/amt\/?p=27520"},"modified":"2021-06-11T17:32:49","modified_gmt":"2021-06-11T15:32:49","slug":"ferrovia-a-cremagliera-principe-granarolo-24","status":"publish","type":"post","link":"https:\/\/www.amt.genova.it\/amt\/ferrovia-a-cremagliera-principe-granarolo-24\/","title":{"rendered":"Ferrovia a cremagliera Principe &#8211; Granarolo"},"content":{"rendered":"<p>A partire <strong>da luned\u00ec 14 giugno e fino mercoled\u00ec 16 giugno,<\/strong> la cremagliera effettuer\u00e0 <strong>capolinea alla fermata di via Bianco <\/strong>per consentire lo svolgimento di interventi di manutenzione straordinaria nel tratto di binario compreso tra via Bianco e Granarolo.<\/p>\n<p>La cremagliera raggiunger\u00e0 nuovamente il capolinea superiore di Granarolo a <strong>partire da gioved\u00ec 17 giugno.<\/strong><\/p>\n<p>Si ricorda che sono in corso ulteriori interventi di manutenzione straordinaria nella tratta inferiore dell\u2019impianto tra Principe e via Bari.<br \/>\nE\u2019 attivo il servizio <strong>bus sostitutivo G1<\/strong>.<\/p>\n ","protected":false},"excerpt":{"rendered":"A partire da luned\u00ec 14 giugno e fino mercoled\u00ec 16 giugno, la cremagliera effettuer\u00e0 capolinea alla fermata di via Bianco per consentire lo svolgimento di interventi di manutenzione straordinaria nel tratto di binario compreso tra via Bianco e Granarolo. La cremagliera raggiunger\u00e0 nuovamente il capolinea superiore di Granarolo a partire da gioved\u00ec 17 giugno. Si ricorda che sono in corso&nbsp;<a href=\"https:\/\/www.amt.genova.it\/amt\/ferrovia-a-cremagliera-principe-granarolo-24\/\" class=\"read-more\">Continue Reading<\/a>","protected":false},"author":2,"featured_media":16806,"comment_status":"closed","ping_status":"open","sticky":false,"template":"","format":"standard","meta":{"footnotes":""},"categories":[56,4,64],"tags":[],"class_list":["post-27520","post","type-post","status-publish","format-standard","has-post-thumbnail","hentry","category-homepage","category-notizie","category-urbano","cat-56-id","cat-4-id","cat-64-id"],"_links":{"self":[{"href":"https:\/\/www.amt.genova.it\/amt\/wp-json\/wp\/v2\/posts\/27520","targetHints":{"allow":["GET"]}}],"collection":[{"href":"https:\/\/www.amt.genova.it\/amt\/wp-json\/wp\/v2\/posts"}],"about":[{"href":"https:\/\/www.amt.genova.it\/amt\/wp-json\/wp\/v2\/types\/post"}],"author":[{"embeddable":true,"href":"https:\/\/www.amt.genova.it\/amt\/wp-json\/wp\/v2\/users\/2"}],"replies":[{"embeddable":true,"href":"https:\/\/www.amt.genova.it\/amt\/wp-json\/wp\/v2\/comments?post=27520"}],"version-history":[{"count":1,"href":"https:\/\/www.amt.genova.it\/amt\/wp-json\/wp\/v2\/posts\/27520\/revisions"}],"predecessor-version":[{"id":27521,"href":"https:\/\/www.amt.genova.it\/amt\/wp-json\/wp\/v2\/posts\/27520\/revisions\/27521"}],"wp:featuredmedia":[{"embeddable":true,"href":"https:\/\/www.amt.genova.it\/amt\/wp-json\/wp\/v2\/media\/16806"}],"wp:attachment":[{"href":"https:\/\/www.amt.genova.it\/amt\/wp-json\/wp\/v2\/media?parent=27520"}],"wp:term":[{"taxonomy":"category","embeddable":true,"href":"https:\/\/www.amt.genova.it\/amt\/wp-json\/wp\/v2\/categories?post=27520"},{"taxonomy":"post_tag","embeddable":true,"href":"https:\/\/www.amt.genova.it\/amt\/wp-json\/wp\/v2\/tags?post=27520"}],"curies":[{"name":"wp","href":"https:\/\/api.w.org\/{rel}","templated":true}]}}