{"id":25074,"date":"2021-01-29T13:21:55","date_gmt":"2021-01-29T12:21:55","guid":{"rendered":"https:\/\/www.amt.genova.it\/amt\/?p=25074"},"modified":"2021-01-29T16:22:40","modified_gmt":"2021-01-29T15:22:40","slug":"metropolitana-proseguono-gli-interventi-di-ammodernamento-chiusura-serale-anticipata-il-2-e-3-febbraio","status":"publish","type":"post","link":"https:\/\/www.amt.genova.it\/amt\/metropolitana-proseguono-gli-interventi-di-ammodernamento-chiusura-serale-anticipata-il-2-e-3-febbraio\/","title":{"rendered":"Metropolitana: proseguono gli interventi di ammodernamento, chiusura serale anticipata il 2 e 3 febbraio"},"content":{"rendered":"<p>Proseguono i lavori di ammodernamento della metropolitana avviati nell\u2019ambito del progetto di miglioramento dell\u2019impianto, finanziato dal Ministero dei Trasporti e dal Comune di Genova.<\/p>\n<p>I prossimi interventi in programma riguardano la prosecuzione delle attivit\u00e0 per il nuovo sistema di segnalamento e automazione del deposito di Dinegro e delle stazioni di Brin e Dinegro. Proseguono anche i lavori di manutenzione su impianti e binari.<\/p>\n<p>Tutte queste attivit\u00e0 devono svolgersi senza la circolazione dei treni e in un arco temporale adeguato, che non sia compreso solo tra la mezzanotte e le 4 del mattino; per questo motivo la metropolitana chiude alcune sere anticipatamente per permettere lo svolgimento dei lavori in sicurezza.<\/p>\n<p>La settimana prossima tali attivit\u00e0 saranno effettuate nelle serate di <strong>marted\u00ec 2 e mercoled\u00ec 3 febbraio:<\/strong> le ultime partenze della metro saranno alle <strong>ore 21.10 da Brin<\/strong> per Brignole e alle <strong>ore 21.17 da Brignole<\/strong> per Brin. Il collegamento serale con la Valpolcevera \u00e8 comunque sempre garantito dalla <strong>linea 9<\/strong> (Caricamento - Brin - Pontedecimo).<\/p>\n ","protected":false},"excerpt":{"rendered":"Proseguono i lavori di ammodernamento della metropolitana avviati nell\u2019ambito del progetto di miglioramento dell\u2019impianto, finanziato dal Ministero dei Trasporti e dal Comune di Genova. I prossimi interventi in programma riguardano la prosecuzione delle attivit\u00e0 per il nuovo sistema di segnalamento e automazione del deposito di Dinegro e delle stazioni di Brin e Dinegro. Proseguono anche i lavori di manutenzione su&nbsp;<a href=\"https:\/\/www.amt.genova.it\/amt\/metropolitana-proseguono-gli-interventi-di-ammodernamento-chiusura-serale-anticipata-il-2-e-3-febbraio\/\" class=\"read-more\">Continue Reading<\/a>","protected":false},"author":2,"featured_media":6775,"comment_status":"closed","ping_status":"open","sticky":false,"template":"","format":"standard","meta":{"footnotes":""},"categories":[56,4,64],"tags":[],"class_list":["post-25074","post","type-post","status-publish","format-standard","has-post-thumbnail","hentry","category-homepage","category-notizie","category-urbano","cat-56-id","cat-4-id","cat-64-id"],"_links":{"self":[{"href":"https:\/\/www.amt.genova.it\/amt\/wp-json\/wp\/v2\/posts\/25074","targetHints":{"allow":["GET"]}}],"collection":[{"href":"https:\/\/www.amt.genova.it\/amt\/wp-json\/wp\/v2\/posts"}],"about":[{"href":"https:\/\/www.amt.genova.it\/amt\/wp-json\/wp\/v2\/types\/post"}],"author":[{"embeddable":true,"href":"https:\/\/www.amt.genova.it\/amt\/wp-json\/wp\/v2\/users\/2"}],"replies":[{"embeddable":true,"href":"https:\/\/www.amt.genova.it\/amt\/wp-json\/wp\/v2\/comments?post=25074"}],"version-history":[{"count":1,"href":"https:\/\/www.amt.genova.it\/amt\/wp-json\/wp\/v2\/posts\/25074\/revisions"}],"predecessor-version":[{"id":25075,"href":"https:\/\/www.amt.genova.it\/amt\/wp-json\/wp\/v2\/posts\/25074\/revisions\/25075"}],"wp:featuredmedia":[{"embeddable":true,"href":"https:\/\/www.amt.genova.it\/amt\/wp-json\/wp\/v2\/media\/6775"}],"wp:attachment":[{"href":"https:\/\/www.amt.genova.it\/amt\/wp-json\/wp\/v2\/media?parent=25074"}],"wp:term":[{"taxonomy":"category","embeddable":true,"href":"https:\/\/www.amt.genova.it\/amt\/wp-json\/wp\/v2\/categories?post=25074"},{"taxonomy":"post_tag","embeddable":true,"href":"https:\/\/www.amt.genova.it\/amt\/wp-json\/wp\/v2\/tags?post=25074"}],"curies":[{"name":"wp","href":"https:\/\/api.w.org\/{rel}","templated":true}]}}