{"id":24875,"date":"2021-01-28T14:30:54","date_gmt":"2021-01-28T13:30:54","guid":{"rendered":"https:\/\/www.amt.genova.it\/amt\/?p=24875"},"modified":"2021-02-10T11:27:06","modified_gmt":"2021-02-10T10:27:06","slug":"servizio-scolastico","status":"publish","type":"post","link":"https:\/\/www.amt.genova.it\/amt\/servizio-scolastico\/","title":{"rendered":"Servizio scolastico: il 25 gennaio scatta il Piano trasporti per la ripresa della didattica in presenza delle superiori"},"content":{"rendered":"<p><img loading=\"lazy\" decoding=\"async\" class=\"wp-image-24923 size-medium alignright\" src=\"\/amt\/wp-content\/uploads\/2021\/01\/Avviso-Servizio-Scuole-T-213x300.jpg\" alt=\"\" width=\"213\" height=\"300\" srcset=\"https:\/\/www.amt.genova.it\/amt\/wp-content\/uploads\/2021\/01\/Avviso-Servizio-Scuole-T-213x300.jpg 213w, https:\/\/www.amt.genova.it\/amt\/wp-content\/uploads\/2021\/01\/Avviso-Servizio-Scuole-T-768x1081.jpg 768w, https:\/\/www.amt.genova.it\/amt\/wp-content\/uploads\/2021\/01\/Avviso-Servizio-Scuole-T-727x1024.jpg 727w, https:\/\/www.amt.genova.it\/amt\/wp-content\/uploads\/2021\/01\/Avviso-Servizio-Scuole-T.jpg 844w\" sizes=\"auto, (max-width: 213px) 100vw, 213px\" \/>AMT ha predisposto, in accordo con il tavolo di coordinamento istituito in Prefettura, un Piano di potenziamento del servizio di trasporto urbano e provinciale attivo con la ripresa della didattica in presenza per le scuole secondarie di secondo grado.<\/p>\n<p>Il Piano \u00e8 basato su tre diverse tipologie di attivit\u00e0:<\/p>\n<p><strong>1)\u00a0 intensificazione dei servizi di trasporto pubblico urbano;<br \/>\n<\/strong><strong>2) navette scolastiche urbane dedicate;<\/strong><br \/>\n<strong>3) intensificazione dei servizi di trasporto <\/strong><strong>pubblico provinciale.<\/strong><\/p>\n<p>&nbsp;<\/p>\n<h2><span style=\"color: #ff6600;\"><strong>Servizio urbano<\/strong><\/span><\/h2>\n<p>Per l'<strong>ambito urbano \u00e8 prevista l'intensificazione del servizio ordinario<\/strong> nelle fasce orarie \"di morbida\" 9.00-12.00 e 14.00-17.00 coerentemente con le nuove fasce orarie di ingresso e uscita degli istituti scolastici, con l\u2019utilizzo rispettivamente di 29 e 23 autobus aggiuntivi. <strong>Intensificato anche il servizio di metropolitana<\/strong>, in particolare nelle ore di punta.<\/p>\n<p><strong>Oltre all'intensificazione delle linee urbane<\/strong>, <strong>che gli studenti utilizzano normalmente<\/strong> e che continueranno ad usare, per gli spostamenti casa\/scuola, \u00e8 prevista in <strong>ambito urbano<\/strong> l\u2019attivazione di <strong>11 navette scolastiche<\/strong>\u00a0effettuate con 32 bus turistici, in convenzione con fornitori privati,\u00a0che garantiscono i collegamenti con i maggiori plessi scolastici, partendo da punti di raccolta quali stazioni ferroviarie o nodi di interscambio con linee collinari o ad elevata frequenza.<\/p>\n<p>AMT ha predisposto alcune variazioni al servizio di trasporto scolastico che entreranno in vigore a partire <strong>da luned\u00ec 1\u00b0 febbraio 2021<\/strong>. A seguito del monitoraggio effettuato dall\u2019azienda durante la prima settimana di attivazione del Piano scuole, sono stati effettuati alcuni adeguamenti ai percorsi delle navette al fine di migliorare il servizio e renderlo pi\u00f9 rispondente alle esigenze dei passeggeri. Di seguito il dettaglio delle modifiche.<\/p>\n<p><strong>Navette SC7<\/strong> <strong>e SC10<\/strong>: diventeranno un\u2018unica navetta, denominata SC10, attiva sul percorso Sestri \u2013 Borzoli \u2013 Rivarolo. Di seguito il dettaglio<\/p>\n<ul>\n<li><strong>Direzione Sestri<\/strong>: piazza Pallavicini, via al Ponte Polcevera, via Ferri, via Borzoli, via Hermada, via Puccini, via Travi<\/li>\n<li><strong>Direzione Rivarolo<\/strong>: via Travi, via Menotti, via Manara, via Giotto, via Borzoli, via Ferri, via al ponte Polcevera, piazza Pallavicini<\/li>\n<\/ul>\n<p><strong>Navetta SC8<\/strong>: verr\u00e0 prolungata fino a Pegli\u00a0e sar\u00e0 attiva sul percorso Sestri via Giotto \u2013 Pegli Lido. In particolare:<\/p>\n<ul>\n<li><strong>Direzione Sestri<\/strong>: Pegli Lido, Multedo, via Merano, via Menotti, via Manara, via Giotto<\/li>\n<li><strong>Direzione Pegli Lido<\/strong>: via Giotto, via Hermada, via Puccini, via Merano, Multedo, Pegli Lido<\/li>\n<\/ul>\n<p><strong>Navetta SC9:<\/strong> il capolinea sar\u00e0 spostato da via Bolzaneto (chiesa Nostra Signora della Neve) a via Pastorino (Ospedale). Il percorso rester\u00e0 invariato.<\/p>\n<p>Nella tabella allegata \u00e8 riportato il dettaglio delle navette e dei loro percorsi. Eventuali future modifiche a questa impostazione saranno immediatamente comunicate e pubblicate su questo sito.<\/p>\n<p><a href=\"\/amt\/orari\/navette_studenti.pdf\">Navette studenti - aggiornamento dal 1\u00b0 febbraio 2021<\/a><\/p>\n<p>Alle principali fermate della rete e ai pi\u00f9 importanti nodi di interscambio, sar\u00e0 presente personale aziendale, coadiuvato dai volontari della Protezione Civile del Comune di Genova, come gi\u00e0 avvenuto in passato, per una migliore gestione della popolazione studentesca. Il personale aziendale sar\u00e0 a disposizione per monitorare l'andamento del servizio e per fornire informazioni agli studenti.<\/p>\n<h2><span style=\"color: #0000ff;\"><strong>Servizio provinciale<\/strong><\/span><\/h2>\n<p>Per il servizio di <strong>trasporto pubblico provinciale<\/strong> \u00e8 stato previsto l<strong>\u2019utilizzo di 33 bus aggiuntivi<\/strong>, acquisiti attraverso il ricorso ai privati. Se si dovessero presentare situazioni di criticit\u00e0 nella fase di entrata a scuola, scatter\u00e0 il protocollo previsto, ovvero la partenza di un secondo mezzo.<\/p>\n<p>La pianificazione del servizio sulla rete \u00e8 stata elaborata tenendo conto della provenienza degli studenti che frequentano gli istituti presenti sulle tratte provinciali. Per dare informazioni e fornire assistenza ai clienti sar\u00e0 presente personale aziendale, particolarmente a presidio dei centri di Busalla, Chiavari, Rapallo, Santa Margherita e Sestri Levante.<\/p>\n<p>Nei documenti allegati a seguire sono riportati tutti gli orari divisi per i gruppi di linee in ambito provinciale; le corse evidenziate in giallo sono quelle aggiuntive riservate agli studenti che ovviamente potranno utilizzare anche le normali corse in vigore.<\/p>\n<p>Da\u00a0<strong>luned\u00ec 8 febbraio saranno in vigore\u00a0<\/strong>alcune variazioni al servizio di trasporto provinciale. A seguito del monitoraggio effettuato dall\u2019azienda durante le prime settimane di attivazione del Piano scuole, sono stati effettuati alcuni adeguamenti agli orari sia delle corse di linea sia delle navette al fine di migliorare il servizio e renderlo pi\u00f9 rispondente alle esigenze degli studenti. Di seguito il dettaglio delle modifiche.<\/p>\n<p><strong>TIGULLIO ORIENTALE<\/strong><\/p>\n<ul>\n<li><strong>Linea 50<\/strong>: la corsa <strong>riservata agli studenti<\/strong> in partenza alle 7.59 da Varese Ligure per Sestri Levante sar\u00e0 anticipata alle 7.50.<\/li>\n<li><strong>Linea 4<\/strong>: nuova corsa <strong>riservata agli studenti<\/strong> in partenza alle ore 13.35 da Chiavari Piazza Caduti di Nassiriya per Riva Trigoso.<\/li>\n<li><strong>Linea 5<\/strong>: nuova corsa <strong>riservata agli studenti<\/strong> \u00a0in partenza alle ore 9.08 da Chiesi (bivio Santa Vittoria) per Chiavari Piazza Caduti di Nassiriya.<\/li>\n<\/ul>\n<p><strong>TIGULLIO CENTRALE<\/strong><\/p>\n<ul>\n<li><strong>Linea 13<\/strong>: la corsa in partenza alle 8.30 da Chiavari capolinea, giunta a Carasco (ore 8.52), proseguir\u00e0 per Calvari.<\/li>\n<li><strong>Linea 31<\/strong>: la corsa in partenza alle ore 9.30 da Carasco sar\u00e0 anticipata alle 9.20 con partenza da Calvari (transito a Carasco sempre 9.30).<\/li>\n<li><strong>Linea 31<\/strong>: nuova corsa <strong>riservata agli studenti<\/strong> in partenza alle ore 8.49 da Graveglia per Lavagna - Chiavari capolinea.<\/li>\n<li><strong>Linea 21<\/strong>: la corsa in partenza da Chiavari capolinea alle ore 13.35 per Rovereto verr\u00e0 posticipata alle 13.40.<\/li>\n<\/ul>\n<p><strong>GOLFO PARADISO<\/strong><\/p>\n<ul>\n<li>Nuova corsa in partenza alle ore 6.25 da Terrile per Recco.<\/li>\n<li>Nuova corsa in partenza alle 7.15 da Recco per Uscio-Colle Caprile.<\/li>\n<li>Nuova corsa bis in partenza alle ore 8.00 da Colle Caprile per Recco.<\/li>\n<\/ul>\n<p><strong>ALTA VAL TREBBIA<\/strong><\/p>\n<ul>\n<li><strong>Linea 26<\/strong>:\n<ul>\n<li>nuova corsa <strong>riservata agli studenti<\/strong> in partenza alle ore 8.10 da Scoffera per Davagna - Prato, arrivo previsto alle ore 8.50 (alle ore 8.53 coincidenza per Genova con linea 25 proveniente da Torriglia);<\/li>\n<li>nuova corsa in partenza alle ore 15.50 da Prato per Davagna - Scoffera (a Prato coincidenza da Genova con linea 25 e navetta <strong>riservata studenti<\/strong> in arrivo alle 15.47).<\/li>\n<\/ul>\n<\/li>\n<li><strong>Linea 25<\/strong>: nuova corsa <strong>riservata agli studenti<\/strong>\u00a0\u00a0 in partenza da Torriglia alle 14.10 per Rovegno - Isola - Gorreto.<\/li>\n<\/ul>\n<p><a href=\"\/amt\/wp-content\/uploads\/2021\/01\/A_Ponente.pdf\">A Ponente<\/a><br \/>\n<a href=\"\/amt\/wp-content\/uploads\/2021\/01\/C_ValleStura.pdf\">C Valle Stura<\/a><br \/>\n<a href=\"\/amt\/wp-content\/uploads\/2021\/01\/E-AltaValPolcevera-novit\u00e0-dal-1-febbraio.pdf\">E AltaValPolcevera novit\u00e0 dal 1 febbraio<\/a><br \/>\n<a href=\"\/amt\/wp-content\/uploads\/2021\/01\/H-ValVerde-novit\u00e0-dal-1-febbraio.pdf\">H ValVerde novit\u00e0 dal 1 febbraio<\/a><br \/>\n<a href=\"\/amt\/wp-content\/uploads\/2021\/01\/F_ValleScrivia.pdf\">F Valle Scrivia<\/a><br \/>\n<a href=\"\/amt\/wp-content\/uploads\/2021\/02\/M_ValTrebbia-novit\u00e0-dall8-febbraio.pdf\">M_ValTrebbia novit\u00e0 dall'8 febbraio<\/a><br \/>\n<a href=\"\/amt\/wp-content\/uploads\/2021\/02\/Golfo-Paradiso-novit\u00e0-dall8-febbraio.pdf\">Golfo Paradiso novit\u00e0 dall'8 febbraio<\/a><br \/>\n<a href=\"\/amt\/wp-content\/uploads\/2021\/01\/Tigullio-Occidentale-novit\u00e0-dall8-febbraio.pdf\">Tigullio Occidentale novit\u00e0 dall'8 febbraio<\/a><br \/>\n<a href=\"\/amt\/wp-content\/uploads\/2021\/02\/Tigullio-Centrale-novit\u00e0-dall8-febbraio.pdf\">Tigullio Centrale novit\u00e0 dall'8 febbraio<\/a><br \/>\n<a href=\"\/amt\/wp-content\/uploads\/2021\/02\/Tigullio-Orientale-novit\u00e0-dall8-febbraio.pdf\">Tigullio Orientale novit\u00e0 dall'8 febbraio<\/a><\/p>\n<p><strong>Vi invitiamo a consultare questa pagina\u00a0per rimanere sempre aggiornati sullo sviluppo dei diversi servizi.<\/strong><\/p>\n<p><a href=\"\/amt\/wp-content\/uploads\/2021\/01\/Avviso-Servizio-Scuole-T.pdf\">Scarica Avviso Clientela Viaggiamo Intelligente<\/a><\/p>\n ","protected":false},"excerpt":{"rendered":"AMT ha predisposto, in accordo con il tavolo di coordinamento istituito in Prefettura, un Piano di potenziamento del servizio di trasporto urbano e provinciale attivo con la ripresa della didattica in presenza per le scuole secondarie di secondo grado. Il Piano \u00e8 basato su tre diverse tipologie di attivit\u00e0: 1)\u00a0 intensificazione dei servizi di trasporto pubblico urbano; 2) navette scolastiche&nbsp;<a href=\"https:\/\/www.amt.genova.it\/amt\/servizio-scolastico\/\" class=\"read-more\">Continue Reading<\/a>","protected":false},"author":2,"featured_media":24864,"comment_status":"closed","ping_status":"open","sticky":false,"template":"","format":"standard","meta":{"footnotes":""},"categories":[56,4],"tags":[],"class_list":["post-24875","post","type-post","status-publish","format-standard","has-post-thumbnail","hentry","category-homepage","category-notizie","cat-56-id","cat-4-id"],"_links":{"self":[{"href":"https:\/\/www.amt.genova.it\/amt\/wp-json\/wp\/v2\/posts\/24875","targetHints":{"allow":["GET"]}}],"collection":[{"href":"https:\/\/www.amt.genova.it\/amt\/wp-json\/wp\/v2\/posts"}],"about":[{"href":"https:\/\/www.amt.genova.it\/amt\/wp-json\/wp\/v2\/types\/post"}],"author":[{"embeddable":true,"href":"https:\/\/www.amt.genova.it\/amt\/wp-json\/wp\/v2\/users\/2"}],"replies":[{"embeddable":true,"href":"https:\/\/www.amt.genova.it\/amt\/wp-json\/wp\/v2\/comments?post=24875"}],"version-history":[{"count":22,"href":"https:\/\/www.amt.genova.it\/amt\/wp-json\/wp\/v2\/posts\/24875\/revisions"}],"predecessor-version":[{"id":25260,"href":"https:\/\/www.amt.genova.it\/amt\/wp-json\/wp\/v2\/posts\/24875\/revisions\/25260"}],"wp:featuredmedia":[{"embeddable":true,"href":"https:\/\/www.amt.genova.it\/amt\/wp-json\/wp\/v2\/media\/24864"}],"wp:attachment":[{"href":"https:\/\/www.amt.genova.it\/amt\/wp-json\/wp\/v2\/media?parent=24875"}],"wp:term":[{"taxonomy":"category","embeddable":true,"href":"https:\/\/www.amt.genova.it\/amt\/wp-json\/wp\/v2\/categories?post=24875"},{"taxonomy":"post_tag","embeddable":true,"href":"https:\/\/www.amt.genova.it\/amt\/wp-json\/wp\/v2\/tags?post=24875"}],"curies":[{"name":"wp","href":"https:\/\/api.w.org\/{rel}","templated":true}]}}