{"id":23185,"date":"2020-07-02T06:28:51","date_gmt":"2020-07-02T04:28:51","guid":{"rendered":"https:\/\/www.amt.genova.it\/amt\/?p=23185"},"modified":"2020-09-07T08:02:18","modified_gmt":"2020-09-07T06:02:18","slug":"dal-2-luglio-aperta-temporaneamente-la-biglietteria-di-brignole","status":"publish","type":"post","link":"https:\/\/www.amt.genova.it\/amt\/dal-2-luglio-aperta-temporaneamente-la-biglietteria-di-brignole\/","title":{"rendered":"Dal 2 luglio aperta temporaneamente la biglietteria di Brignole"},"content":{"rendered":"<p>Si informa che, da gioved\u00ec 2 luglio, \u00e8 temporaneamente aperta anche la biglietteria interna alla stazione metro di Brignole per potenziare le attivit\u00e0 di vendita, vista la forte domanda registrata per l'acquisto dell'abbonamento bimestrale estivo. Per accedere alla biglietteria valgono le stesse disposizioni gi\u00e0 in atto per la metropolitana, adottate a seguito dell'emergenza sanitaria e alla regolamentazione dei flussi tra passeggeri di ferrovia e metro\u00a0in entrata e uscita, pertanto l'ingresso pu\u00f2 avvenire solo da piazza Raggi e, dal lato di piazza Verdi, utilizzando il sottopasso ferroviario di ponente e l'uscita solo in piazza Raggi.<\/p>\n ","protected":false},"excerpt":{"rendered":"Si informa che, da gioved\u00ec 2 luglio, \u00e8 temporaneamente aperta anche la biglietteria interna alla stazione metro di Brignole per potenziare le attivit\u00e0 di vendita, vista la forte domanda registrata per l'acquisto dell'abbonamento bimestrale estivo. Per accedere alla biglietteria valgono le stesse disposizioni gi\u00e0 in atto per la metropolitana, adottate a seguito dell'emergenza sanitaria e alla regolamentazione dei flussi tra&nbsp;<a href=\"https:\/\/www.amt.genova.it\/amt\/dal-2-luglio-aperta-temporaneamente-la-biglietteria-di-brignole\/\" class=\"read-more\">Continue Reading<\/a>","protected":false},"author":2,"featured_media":12444,"comment_status":"closed","ping_status":"open","sticky":false,"template":"","format":"standard","meta":{"footnotes":""},"categories":[4],"tags":[],"class_list":["post-23185","post","type-post","status-publish","format-standard","has-post-thumbnail","hentry","category-notizie","cat-4-id"],"_links":{"self":[{"href":"https:\/\/www.amt.genova.it\/amt\/wp-json\/wp\/v2\/posts\/23185","targetHints":{"allow":["GET"]}}],"collection":[{"href":"https:\/\/www.amt.genova.it\/amt\/wp-json\/wp\/v2\/posts"}],"about":[{"href":"https:\/\/www.amt.genova.it\/amt\/wp-json\/wp\/v2\/types\/post"}],"author":[{"embeddable":true,"href":"https:\/\/www.amt.genova.it\/amt\/wp-json\/wp\/v2\/users\/2"}],"replies":[{"embeddable":true,"href":"https:\/\/www.amt.genova.it\/amt\/wp-json\/wp\/v2\/comments?post=23185"}],"version-history":[{"count":4,"href":"https:\/\/www.amt.genova.it\/amt\/wp-json\/wp\/v2\/posts\/23185\/revisions"}],"predecessor-version":[{"id":23192,"href":"https:\/\/www.amt.genova.it\/amt\/wp-json\/wp\/v2\/posts\/23185\/revisions\/23192"}],"wp:featuredmedia":[{"embeddable":true,"href":"https:\/\/www.amt.genova.it\/amt\/wp-json\/wp\/v2\/media\/12444"}],"wp:attachment":[{"href":"https:\/\/www.amt.genova.it\/amt\/wp-json\/wp\/v2\/media?parent=23185"}],"wp:term":[{"taxonomy":"category","embeddable":true,"href":"https:\/\/www.amt.genova.it\/amt\/wp-json\/wp\/v2\/categories?post=23185"},{"taxonomy":"post_tag","embeddable":true,"href":"https:\/\/www.amt.genova.it\/amt\/wp-json\/wp\/v2\/tags?post=23185"}],"curies":[{"name":"wp","href":"https:\/\/api.w.org\/{rel}","templated":true}]}}