{"id":23113,"date":"2020-06-25T15:41:53","date_gmt":"2020-06-25T13:41:53","guid":{"rendered":"https:\/\/www.amt.genova.it\/amt\/?p=23113"},"modified":"2020-07-01T09:45:10","modified_gmt":"2020-07-01T07:45:10","slug":"linea-687-variazioni-di-percorso-lunedi-29-e-martedi-30-giugno","status":"publish","type":"post","link":"https:\/\/www.amt.genova.it\/amt\/linea-687-variazioni-di-percorso-lunedi-29-e-martedi-30-giugno\/","title":{"rendered":"Linea 687  variazioni di percorso luned\u00ec 29 e marted\u00ec 30 giugno"},"content":{"rendered":"<p>A seguito dell\u2019interdizione al transito veicolare di un tratto di via Olivieri, nelle giornate di <strong>luned\u00ec 29 e marted\u00ec 30 giugno<\/strong>, entrambi i giorni dalle ore 21.00 alle ore 05.00, la linea 687 sar\u00e0 invece limitata all\u2019altezza del civico n\u00b0 71 (scuola Danovaro) dove effettuer\u00e0 capolinea provvisorio.<\/p>\n<p><strong>\u00a0<\/strong><\/p>\n ","protected":false},"excerpt":{"rendered":"A seguito dell\u2019interdizione al transito veicolare di un tratto di via Olivieri, nelle giornate di luned\u00ec 29 e marted\u00ec 30 giugno, entrambi i giorni dalle ore 21.00 alle ore 05.00, la linea 687 sar\u00e0 invece limitata all\u2019altezza del civico n\u00b0 71 (scuola Danovaro) dove effettuer\u00e0 capolinea provvisorio. \u00a0","protected":false},"author":2,"featured_media":23104,"comment_status":"closed","ping_status":"open","sticky":false,"template":"","format":"standard","meta":{"footnotes":""},"categories":[4],"tags":[],"class_list":["post-23113","post","type-post","status-publish","format-standard","has-post-thumbnail","hentry","category-notizie","cat-4-id"],"_links":{"self":[{"href":"https:\/\/www.amt.genova.it\/amt\/wp-json\/wp\/v2\/posts\/23113","targetHints":{"allow":["GET"]}}],"collection":[{"href":"https:\/\/www.amt.genova.it\/amt\/wp-json\/wp\/v2\/posts"}],"about":[{"href":"https:\/\/www.amt.genova.it\/amt\/wp-json\/wp\/v2\/types\/post"}],"author":[{"embeddable":true,"href":"https:\/\/www.amt.genova.it\/amt\/wp-json\/wp\/v2\/users\/2"}],"replies":[{"embeddable":true,"href":"https:\/\/www.amt.genova.it\/amt\/wp-json\/wp\/v2\/comments?post=23113"}],"version-history":[{"count":2,"href":"https:\/\/www.amt.genova.it\/amt\/wp-json\/wp\/v2\/posts\/23113\/revisions"}],"predecessor-version":[{"id":23151,"href":"https:\/\/www.amt.genova.it\/amt\/wp-json\/wp\/v2\/posts\/23113\/revisions\/23151"}],"wp:featuredmedia":[{"embeddable":true,"href":"https:\/\/www.amt.genova.it\/amt\/wp-json\/wp\/v2\/media\/23104"}],"wp:attachment":[{"href":"https:\/\/www.amt.genova.it\/amt\/wp-json\/wp\/v2\/media?parent=23113"}],"wp:term":[{"taxonomy":"category","embeddable":true,"href":"https:\/\/www.amt.genova.it\/amt\/wp-json\/wp\/v2\/categories?post=23113"},{"taxonomy":"post_tag","embeddable":true,"href":"https:\/\/www.amt.genova.it\/amt\/wp-json\/wp\/v2\/tags?post=23113"}],"curies":[{"name":"wp","href":"https:\/\/api.w.org\/{rel}","templated":true}]}}