{"id":23106,"date":"2020-06-23T14:25:29","date_gmt":"2020-06-23T12:25:29","guid":{"rendered":"https:\/\/www.amt.genova.it\/amt\/?p=23106"},"modified":"2020-06-25T08:39:56","modified_gmt":"2020-06-25T06:39:56","slug":"linea-687-variazioni-di-percorso-giovedi-25-e-venerdi-26-giugno","status":"publish","type":"post","link":"https:\/\/www.amt.genova.it\/amt\/linea-687-variazioni-di-percorso-giovedi-25-e-venerdi-26-giugno\/","title":{"rendered":"Linea 687 variazioni di percorso gioved\u00ec 25 e venerd\u00ec 26 giugno"},"content":{"rendered":"<p>A seguito dell\u2019interdizione al transito veicolare di un tratto di via Olivieri, nelle giornate di<strong> gioved\u00ec 25 e venerd\u00ec 26 giugno<\/strong>, tutti i giorni dalle ore 21.00 alle ore 05.00, la linea sar\u00e0 limitata all\u2019altezza del civico n\u00b0 71 (scuola Danovaro) dove effettuer\u00e0 capolinea provvisorio.<\/p>\n ","protected":false},"excerpt":{"rendered":"A seguito dell\u2019interdizione al transito veicolare di un tratto di via Olivieri, nelle giornate di gioved\u00ec 25 e venerd\u00ec 26 giugno, tutti i giorni dalle ore 21.00 alle ore 05.00, la linea sar\u00e0 limitata all\u2019altezza del civico n\u00b0 71 (scuola Danovaro) dove effettuer\u00e0 capolinea provvisorio.","protected":false},"author":2,"featured_media":23104,"comment_status":"closed","ping_status":"open","sticky":false,"template":"","format":"standard","meta":{"footnotes":""},"categories":[4],"tags":[],"class_list":["post-23106","post","type-post","status-publish","format-standard","has-post-thumbnail","hentry","category-notizie","cat-4-id"],"_links":{"self":[{"href":"https:\/\/www.amt.genova.it\/amt\/wp-json\/wp\/v2\/posts\/23106","targetHints":{"allow":["GET"]}}],"collection":[{"href":"https:\/\/www.amt.genova.it\/amt\/wp-json\/wp\/v2\/posts"}],"about":[{"href":"https:\/\/www.amt.genova.it\/amt\/wp-json\/wp\/v2\/types\/post"}],"author":[{"embeddable":true,"href":"https:\/\/www.amt.genova.it\/amt\/wp-json\/wp\/v2\/users\/2"}],"replies":[{"embeddable":true,"href":"https:\/\/www.amt.genova.it\/amt\/wp-json\/wp\/v2\/comments?post=23106"}],"version-history":[{"count":1,"href":"https:\/\/www.amt.genova.it\/amt\/wp-json\/wp\/v2\/posts\/23106\/revisions"}],"predecessor-version":[{"id":23107,"href":"https:\/\/www.amt.genova.it\/amt\/wp-json\/wp\/v2\/posts\/23106\/revisions\/23107"}],"wp:featuredmedia":[{"embeddable":true,"href":"https:\/\/www.amt.genova.it\/amt\/wp-json\/wp\/v2\/media\/23104"}],"wp:attachment":[{"href":"https:\/\/www.amt.genova.it\/amt\/wp-json\/wp\/v2\/media?parent=23106"}],"wp:term":[{"taxonomy":"category","embeddable":true,"href":"https:\/\/www.amt.genova.it\/amt\/wp-json\/wp\/v2\/categories?post=23106"},{"taxonomy":"post_tag","embeddable":true,"href":"https:\/\/www.amt.genova.it\/amt\/wp-json\/wp\/v2\/tags?post=23106"}],"curies":[{"name":"wp","href":"https:\/\/api.w.org\/{rel}","templated":true}]}}