{"id":22637,"date":"2020-04-24T18:40:00","date_gmt":"2020-04-24T16:40:00","guid":{"rendered":"https:\/\/www.amt.genova.it\/amt\/?p=22637"},"modified":"2020-04-30T18:02:45","modified_gmt":"2020-04-30T16:02:45","slug":"servizio-amt-da-lunedi-27-aprile-piu-servizio-bus","status":"publish","type":"post","link":"https:\/\/www.amt.genova.it\/amt\/servizio-amt-da-lunedi-27-aprile-piu-servizio-bus\/","title":{"rendered":"Servizio AMT: da luned\u00ec 27 aprile pi\u00f9 servizio bus"},"content":{"rendered":"<p>AMT, in questa fase di limitazione degli spostamenti per l\u2019emergenza sanitaria in corso, monitora costantemente l\u2019andamento del servizio e l\u2019utilizzo da parte dei clienti.<\/p>\n<p>Analizzando i carichi e la domanda di trasporto pubblico dell\u2019ultima settimana, si sono colte alcune situazioni di maggior affluenza e si \u00e8 intervenuti rimodulando il servizio. Luned\u00ec 27 aprile partir\u00e0 quindi una nuova programmazione che prevede pi\u00f9 corse sulle linee dove si \u00e8 registrato un maggior utilizzo, nello specifico le linee 1, 7, 13, 17, 18, 20, 35, 36, 44, 67, 82, 189 e 518.<\/p>\n<p>Continuer\u00e0 da parte di AMT l\u2019attivit\u00e0 di monitoraggio dei carichi cos\u00ec da poter effettuare\u00a0eventuali\u00a0interventi\u00a0di rinforzo\/diminuzione qualora se ne registrasse la necessit\u00e0.<\/p>\n<p>I nuovi orari saranno consultabili\u00a0sul sito AMT e sulla APP. In questo particolare momento pu\u00f2 risultare ancora pi\u00f9 utile l\u2019utilizzo della APP che consente la consultazione in tempo reale degli orari di arrivo dei bus, cos\u00ec da recarsi alla fermata solo in prossimit\u00e0 dell\u2019arrivo dei mezzi.<\/p>\n ","protected":false},"excerpt":{"rendered":"AMT, in questa fase di limitazione degli spostamenti per l\u2019emergenza sanitaria in corso, monitora costantemente l\u2019andamento del servizio e l\u2019utilizzo da parte dei clienti. Analizzando i carichi e la domanda di trasporto pubblico dell\u2019ultima settimana, si sono colte alcune situazioni di maggior affluenza e si \u00e8 intervenuti rimodulando il servizio. Luned\u00ec 27 aprile partir\u00e0 quindi una nuova programmazione che prevede&nbsp;<a href=\"https:\/\/www.amt.genova.it\/amt\/servizio-amt-da-lunedi-27-aprile-piu-servizio-bus\/\" class=\"read-more\">Continue Reading<\/a>","protected":false},"author":2,"featured_media":8893,"comment_status":"closed","ping_status":"open","sticky":false,"template":"","format":"standard","meta":{"footnotes":""},"categories":[4],"tags":[],"class_list":["post-22637","post","type-post","status-publish","format-standard","has-post-thumbnail","hentry","category-notizie","cat-4-id"],"_links":{"self":[{"href":"https:\/\/www.amt.genova.it\/amt\/wp-json\/wp\/v2\/posts\/22637","targetHints":{"allow":["GET"]}}],"collection":[{"href":"https:\/\/www.amt.genova.it\/amt\/wp-json\/wp\/v2\/posts"}],"about":[{"href":"https:\/\/www.amt.genova.it\/amt\/wp-json\/wp\/v2\/types\/post"}],"author":[{"embeddable":true,"href":"https:\/\/www.amt.genova.it\/amt\/wp-json\/wp\/v2\/users\/2"}],"replies":[{"embeddable":true,"href":"https:\/\/www.amt.genova.it\/amt\/wp-json\/wp\/v2\/comments?post=22637"}],"version-history":[{"count":1,"href":"https:\/\/www.amt.genova.it\/amt\/wp-json\/wp\/v2\/posts\/22637\/revisions"}],"predecessor-version":[{"id":22638,"href":"https:\/\/www.amt.genova.it\/amt\/wp-json\/wp\/v2\/posts\/22637\/revisions\/22638"}],"wp:featuredmedia":[{"embeddable":true,"href":"https:\/\/www.amt.genova.it\/amt\/wp-json\/wp\/v2\/media\/8893"}],"wp:attachment":[{"href":"https:\/\/www.amt.genova.it\/amt\/wp-json\/wp\/v2\/media?parent=22637"}],"wp:term":[{"taxonomy":"category","embeddable":true,"href":"https:\/\/www.amt.genova.it\/amt\/wp-json\/wp\/v2\/categories?post=22637"},{"taxonomy":"post_tag","embeddable":true,"href":"https:\/\/www.amt.genova.it\/amt\/wp-json\/wp\/v2\/tags?post=22637"}],"curies":[{"name":"wp","href":"https:\/\/api.w.org\/{rel}","templated":true}]}}