{"id":22625,"date":"2020-04-23T17:40:08","date_gmt":"2020-04-23T15:40:08","guid":{"rendered":"https:\/\/www.amt.genova.it\/amt\/?p=22625"},"modified":"2020-04-27T13:23:05","modified_gmt":"2020-04-27T11:23:05","slug":"linea-7-variazione-temporanea-di-percorso-sabato-25-aprile","status":"publish","type":"post","link":"https:\/\/www.amt.genova.it\/amt\/linea-7-variazione-temporanea-di-percorso-sabato-25-aprile\/","title":{"rendered":"Linea 7 variazione temporanea di percorso sabato 25 aprile"},"content":{"rendered":"<p>A seguito della chiusura al transito veicolare di via Fillak, <strong>sabato 25 aprile dalle ore 7.00 e fino a cessate esigenze<\/strong>, il servizio della<strong> linea 7<\/strong> sar\u00e0 modificato come di seguito indicato.<\/p>\n<p><strong>Linea 7<\/strong><br \/>\nEffettuer\u00e0 servizio tra Pontedecimo e Brin (capolinea presso la stazione della metropolitana).<\/p>\n<p><strong>Servizio navetta<\/strong><br \/>\nEffettuer\u00e0 servizio tra via Fillak (via Porro) e via Fanti d\u2019Italia.<\/p>\n ","protected":false},"excerpt":{"rendered":"A seguito della chiusura al transito veicolare di via Fillak, sabato 25 aprile dalle ore 7.00 e fino a cessate esigenze, il servizio della linea 7 sar\u00e0 modificato come di seguito indicato. Linea 7 Effettuer\u00e0 servizio tra Pontedecimo e Brin (capolinea presso la stazione della metropolitana). Servizio navetta Effettuer\u00e0 servizio tra via Fillak (via Porro) e via Fanti d\u2019Italia.","protected":false},"author":2,"featured_media":20350,"comment_status":"closed","ping_status":"open","sticky":false,"template":"","format":"standard","meta":{"footnotes":""},"categories":[4],"tags":[],"class_list":["post-22625","post","type-post","status-publish","format-standard","has-post-thumbnail","hentry","category-notizie","cat-4-id"],"_links":{"self":[{"href":"https:\/\/www.amt.genova.it\/amt\/wp-json\/wp\/v2\/posts\/22625","targetHints":{"allow":["GET"]}}],"collection":[{"href":"https:\/\/www.amt.genova.it\/amt\/wp-json\/wp\/v2\/posts"}],"about":[{"href":"https:\/\/www.amt.genova.it\/amt\/wp-json\/wp\/v2\/types\/post"}],"author":[{"embeddable":true,"href":"https:\/\/www.amt.genova.it\/amt\/wp-json\/wp\/v2\/users\/2"}],"replies":[{"embeddable":true,"href":"https:\/\/www.amt.genova.it\/amt\/wp-json\/wp\/v2\/comments?post=22625"}],"version-history":[{"count":1,"href":"https:\/\/www.amt.genova.it\/amt\/wp-json\/wp\/v2\/posts\/22625\/revisions"}],"predecessor-version":[{"id":22626,"href":"https:\/\/www.amt.genova.it\/amt\/wp-json\/wp\/v2\/posts\/22625\/revisions\/22626"}],"wp:featuredmedia":[{"embeddable":true,"href":"https:\/\/www.amt.genova.it\/amt\/wp-json\/wp\/v2\/media\/20350"}],"wp:attachment":[{"href":"https:\/\/www.amt.genova.it\/amt\/wp-json\/wp\/v2\/media?parent=22625"}],"wp:term":[{"taxonomy":"category","embeddable":true,"href":"https:\/\/www.amt.genova.it\/amt\/wp-json\/wp\/v2\/categories?post=22625"},{"taxonomy":"post_tag","embeddable":true,"href":"https:\/\/www.amt.genova.it\/amt\/wp-json\/wp\/v2\/tags?post=22625"}],"curies":[{"name":"wp","href":"https:\/\/api.w.org\/{rel}","templated":true}]}}