{"id":22618,"date":"2020-04-18T23:09:38","date_gmt":"2020-04-18T21:09:38","guid":{"rendered":"https:\/\/www.amt.genova.it\/amt\/?p=22618"},"modified":"2020-04-20T09:27:22","modified_gmt":"2020-04-20T07:27:22","slug":"linea-7-variazioni-al-servizio-domenica-19-aprile","status":"publish","type":"post","link":"https:\/\/www.amt.genova.it\/amt\/linea-7-variazioni-al-servizio-domenica-19-aprile\/","title":{"rendered":"Linea 7 variazioni al servizio domenica 19 aprile"},"content":{"rendered":"<p>A seguito della chiusura al transito veicolare di via Fillak, <strong>domenica 19 aprile<\/strong>, indicativamente <strong>dalle ore 7.00 alle ore 17.00<\/strong> e comunque fino a cessate esigenze, il servizio della <strong>linea 7<\/strong> sar\u00e0 modificato come di seguito indicato.<\/p>\n<p><strong>Linea 7<br \/>\n<\/strong>Effettuer\u00e0 servizio tra Pontedecimo e Brin (capolinea presso la stazione della metropolitana).<\/p>\n<p><strong>Servizio navetta<br \/>\n<\/strong>Effettuer\u00e0 servizio tra via Fillak (via Porro) e via Fanti d\u2019Italia.<\/p>\n<p>&nbsp;<\/p>\n ","protected":false},"excerpt":{"rendered":"A seguito della chiusura al transito veicolare di via Fillak, domenica 19 aprile, indicativamente dalle ore 7.00 alle ore 17.00 e comunque fino a cessate esigenze, il servizio della linea 7 sar\u00e0 modificato come di seguito indicato. Linea 7 Effettuer\u00e0 servizio tra Pontedecimo e Brin (capolinea presso la stazione della metropolitana). Servizio navetta Effettuer\u00e0 servizio tra via Fillak (via Porro)&nbsp;<a href=\"https:\/\/www.amt.genova.it\/amt\/linea-7-variazioni-al-servizio-domenica-19-aprile\/\" class=\"read-more\">Continue Reading<\/a>","protected":false},"author":2,"featured_media":20091,"comment_status":"closed","ping_status":"open","sticky":false,"template":"","format":"standard","meta":{"footnotes":""},"categories":[4],"tags":[],"class_list":["post-22618","post","type-post","status-publish","format-standard","has-post-thumbnail","hentry","category-notizie","cat-4-id"],"_links":{"self":[{"href":"https:\/\/www.amt.genova.it\/amt\/wp-json\/wp\/v2\/posts\/22618","targetHints":{"allow":["GET"]}}],"collection":[{"href":"https:\/\/www.amt.genova.it\/amt\/wp-json\/wp\/v2\/posts"}],"about":[{"href":"https:\/\/www.amt.genova.it\/amt\/wp-json\/wp\/v2\/types\/post"}],"author":[{"embeddable":true,"href":"https:\/\/www.amt.genova.it\/amt\/wp-json\/wp\/v2\/users\/2"}],"replies":[{"embeddable":true,"href":"https:\/\/www.amt.genova.it\/amt\/wp-json\/wp\/v2\/comments?post=22618"}],"version-history":[{"count":2,"href":"https:\/\/www.amt.genova.it\/amt\/wp-json\/wp\/v2\/posts\/22618\/revisions"}],"predecessor-version":[{"id":22620,"href":"https:\/\/www.amt.genova.it\/amt\/wp-json\/wp\/v2\/posts\/22618\/revisions\/22620"}],"wp:featuredmedia":[{"embeddable":true,"href":"https:\/\/www.amt.genova.it\/amt\/wp-json\/wp\/v2\/media\/20091"}],"wp:attachment":[{"href":"https:\/\/www.amt.genova.it\/amt\/wp-json\/wp\/v2\/media?parent=22618"}],"wp:term":[{"taxonomy":"category","embeddable":true,"href":"https:\/\/www.amt.genova.it\/amt\/wp-json\/wp\/v2\/categories?post=22618"},{"taxonomy":"post_tag","embeddable":true,"href":"https:\/\/www.amt.genova.it\/amt\/wp-json\/wp\/v2\/tags?post=22618"}],"curies":[{"name":"wp","href":"https:\/\/api.w.org\/{rel}","templated":true}]}}