{"id":22429,"date":"2020-03-19T20:44:03","date_gmt":"2020-03-19T19:44:03","guid":{"rendered":"https:\/\/www.amt.genova.it\/amt\/?p=22429"},"modified":"2020-03-20T17:57:30","modified_gmt":"2020-03-20T16:57:30","slug":"da-venerdi-20-marzo-cambia-il-servizio-amt-anche-per-gli-impianti-verticali","status":"publish","type":"post","link":"https:\/\/www.amt.genova.it\/amt\/da-venerdi-20-marzo-cambia-il-servizio-amt-anche-per-gli-impianti-verticali\/","title":{"rendered":"Da venerd\u00ec 20 marzo cambia il servizio AMT anche per gli impianti verticali"},"content":{"rendered":"<p>Nell'ambito del programma di rimodulazione del servizio gi\u00e0 avviato luned\u00ec 16 marzo con l\u2019entrata in vigore del nuovo orario feriale speciale, proseguono gli aggiustamenti progressivi del servizio. Le rilevazioni confermano la drastica\u00a0riduzione di passeggeri derivante dalle misure di limitazione degli spostamenti anche sugli impianti verticali, sui quali, peraltro, i conduttori abilitati disponibili non risultano in questa fase in numero sufficiente a soddisfare i carichi di lavoro su tutto il sistema di trasporto verticale.<\/p>\n<p>Pertanto, a partire da domani, venerd\u00ec 20 marzo, saranno chiusi gli ascensori di Montegalletto e di Quezzi e la funicolare Sant\u2019Anna. La decisione \u00e8 stata presa alla luce dei dati di utilizzo e tenendo conto che questi impianti servono zone collegate anche da linee bus e pertanto ugualmente raggiungibili dai cittadini.<\/p>\n<p>Sempre da domani saranno in vigore anche modifiche al servizio della funicolare del Righi e della cremagliera di Granarolo.<\/p>\n<p>La <strong>funicolare Zecca - Righi<\/strong> effettuer\u00e0 servizio tutti i giorni <strong>fino alla corsa delle 18.40<\/strong> in partenza dai due capolinea. Dalle 18.15, fino a fine servizio, saranno in funzione i <strong>bus sostitutivi F1 <\/strong>dalle 18.15 (prima partenza da piazza Bandiera) alle 20.15 (ultima partenza da piazza Bandiera) e<strong> F2\/ <\/strong>dalle 20.40 (prima partenza dal Righi) alle 00.05 (ultima partenza da piazza Bandiera).<\/p>\n<p>La cremagliera di Granarolo nei giorni feriali e al sabato effettuer\u00e0 servizio fino alle ore 18.20, con l\u2019ultima corsa da Principe. Dopo quest\u2019ultima corsa sar\u00e0 in servizio il bus sostitutivo G1. Nelle giornate festive la cremagliera sar\u00e0 chiusa e sar\u00e0 in servizio per tutto il giorno la linea G1.<\/p>\n<p>Gli altri impianti al momento restano aperti con il consueto orario.<\/p>\n<p>L\u2019impegno di AMT, anche in queste giornate di estrema difficolt\u00e0, \u00e8 di continuare a offrire un servizio di trasporto pubblico comunque efficace in relazione all\u2019attuale quadro della mobilit\u00e0 cittadina.<\/p>\n ","protected":false},"excerpt":{"rendered":"Nell'ambito del programma di rimodulazione del servizio gi\u00e0 avviato luned\u00ec 16 marzo con l\u2019entrata in vigore del nuovo orario feriale speciale, proseguono gli aggiustamenti progressivi del servizio. Le rilevazioni confermano la drastica\u00a0riduzione di passeggeri derivante dalle misure di limitazione degli spostamenti anche sugli impianti verticali, sui quali, peraltro, i conduttori abilitati disponibili non risultano in questa fase in numero sufficiente&nbsp;<a href=\"https:\/\/www.amt.genova.it\/amt\/da-venerdi-20-marzo-cambia-il-servizio-amt-anche-per-gli-impianti-verticali\/\" class=\"read-more\">Continue Reading<\/a>","protected":false},"author":2,"featured_media":8893,"comment_status":"closed","ping_status":"open","sticky":false,"template":"","format":"standard","meta":{"footnotes":""},"categories":[56,4],"tags":[],"class_list":["post-22429","post","type-post","status-publish","format-standard","has-post-thumbnail","hentry","category-homepage","category-notizie","cat-56-id","cat-4-id"],"_links":{"self":[{"href":"https:\/\/www.amt.genova.it\/amt\/wp-json\/wp\/v2\/posts\/22429","targetHints":{"allow":["GET"]}}],"collection":[{"href":"https:\/\/www.amt.genova.it\/amt\/wp-json\/wp\/v2\/posts"}],"about":[{"href":"https:\/\/www.amt.genova.it\/amt\/wp-json\/wp\/v2\/types\/post"}],"author":[{"embeddable":true,"href":"https:\/\/www.amt.genova.it\/amt\/wp-json\/wp\/v2\/users\/2"}],"replies":[{"embeddable":true,"href":"https:\/\/www.amt.genova.it\/amt\/wp-json\/wp\/v2\/comments?post=22429"}],"version-history":[{"count":4,"href":"https:\/\/www.amt.genova.it\/amt\/wp-json\/wp\/v2\/posts\/22429\/revisions"}],"predecessor-version":[{"id":22436,"href":"https:\/\/www.amt.genova.it\/amt\/wp-json\/wp\/v2\/posts\/22429\/revisions\/22436"}],"wp:featuredmedia":[{"embeddable":true,"href":"https:\/\/www.amt.genova.it\/amt\/wp-json\/wp\/v2\/media\/8893"}],"wp:attachment":[{"href":"https:\/\/www.amt.genova.it\/amt\/wp-json\/wp\/v2\/media?parent=22429"}],"wp:term":[{"taxonomy":"category","embeddable":true,"href":"https:\/\/www.amt.genova.it\/amt\/wp-json\/wp\/v2\/categories?post=22429"},{"taxonomy":"post_tag","embeddable":true,"href":"https:\/\/www.amt.genova.it\/amt\/wp-json\/wp\/v2\/tags?post=22429"}],"curies":[{"name":"wp","href":"https:\/\/api.w.org\/{rel}","templated":true}]}}