{"id":22386,"date":"2020-03-14T16:44:45","date_gmt":"2020-03-14T15:44:45","guid":{"rendered":"https:\/\/www.amt.genova.it\/amt\/?p=22386"},"modified":"2020-03-22T11:56:00","modified_gmt":"2020-03-22T10:56:00","slug":"cambia-il-servizio-di-amt-da-lunedi-16-marzo-in-vigore-un-orario-feriale-speciale","status":"publish","type":"post","link":"https:\/\/www.amt.genova.it\/amt\/cambia-il-servizio-di-amt-da-lunedi-16-marzo-in-vigore-un-orario-feriale-speciale\/","title":{"rendered":"Cambia il servizio di AMT: da luned\u00ec 16 marzo in vigore un orario feriale speciale"},"content":{"rendered":"<p>Luned\u00ec 16 marzo partir\u00e0 il\u00a0<strong>servizio feriale speciale<\/strong>\u00a0di AMT. Si tratta di una rimodulazione del servizio\u00a0che recepisce\u00a0le prescrizioni contenute nell'Ordinanza regionale n\u00b0 6\/2020 e che tiene conto della drastica\u00a0riduzione di passeggeri derivante dalle misure di limitazione degli spostamenti.<\/p>\n<p>Il nuovo orario, che nella media prevede un calo del 20% del servizio,\u00a0ha come prerogativa fondamentale di\u00a0continuare a\u00a0garantire\u00a0la copertura di\u00a0tutta la rete servita da AMT e di tutte le fasce orarie\u00a0seppur con frequenze riprogrammate. Nessuna zona della citt\u00e0 verr\u00e0 privata del\u00a0servizio di\u00a0trasporto pubblico cos\u00ec da garantire a tutti la necessaria mobilit\u00e0 per le attivit\u00e0 autorizzate. Il nuovo orario riguarder\u00e0 anche la metropolitana, gli impianti speciali e la ferrovia Genova Casella.<\/p>\n<p>Nei prossimi giorni vi sar\u00e0 un attento monitoraggio dei carichi cos\u00ec da poter effettuare\u00a0eventuali\u00a0interventi\u00a0di rinforzo\/diminuzione qualora se ne registrasse la necessit\u00e0.<\/p>\n<p>I nuovi orari saranno consultabili\u00a0da domani, domenica 15 marzo, sul sito AMT e sulla APP. In questo particolare momento pu\u00f2 risultare ancora pi\u00f9 utile l\u2019utilizzo della APP che consente la consultazione in tempo reale degli orari di arrivo dei bus, cos\u00ec da recarsi alla fermata solo in prossimit\u00e0 dell\u2019arrivo dei mezzi.<\/p>\n<p>Si ricorda\u00a0che AMT ha in vigore diverse disposizioni di\u00a0contrasto al Coronavirus sia a favore dei clienti che del proprio personale: la sanificazione dei mezzi prosegue con elevata frequenza, l\u2019inibizione della salita dalla porta anteriore dei bus con la conseguente possibilit\u00e0 di salire e scendere dalle porte centrali e\/o posteriore dei bus tutela gli autisti e consente la continuit\u00e0 del servizio.\u00a0Oltre alle locandine gi\u00e0 presenti su tutti i mezzi AMT che ricordano i comportamenti da adottare per l\u2019emergenza Coronavirus, da luned\u00ec verranno affissi ulteriori adesivi per ricordare\u00a0a tutti\u00a0le l\u2019importanza di rispettare adeguate distanze interpersonali.<\/p>\n<p>&nbsp;<\/p>\n ","protected":false},"excerpt":{"rendered":"Luned\u00ec 16 marzo partir\u00e0 il\u00a0servizio feriale speciale\u00a0di AMT. Si tratta di una rimodulazione del servizio\u00a0che recepisce\u00a0le prescrizioni contenute nell'Ordinanza regionale n\u00b0 6\/2020 e che tiene conto della drastica\u00a0riduzione di passeggeri derivante dalle misure di limitazione degli spostamenti. Il nuovo orario, che nella media prevede un calo del 20% del servizio,\u00a0ha come prerogativa fondamentale di\u00a0continuare a\u00a0garantire\u00a0la copertura di\u00a0tutta la rete servita&nbsp;<a href=\"https:\/\/www.amt.genova.it\/amt\/cambia-il-servizio-di-amt-da-lunedi-16-marzo-in-vigore-un-orario-feriale-speciale\/\" class=\"read-more\">Continue Reading<\/a>","protected":false},"author":2,"featured_media":20091,"comment_status":"closed","ping_status":"open","sticky":false,"template":"","format":"standard","meta":{"footnotes":""},"categories":[4],"tags":[],"class_list":["post-22386","post","type-post","status-publish","format-standard","has-post-thumbnail","hentry","category-notizie","cat-4-id"],"_links":{"self":[{"href":"https:\/\/www.amt.genova.it\/amt\/wp-json\/wp\/v2\/posts\/22386","targetHints":{"allow":["GET"]}}],"collection":[{"href":"https:\/\/www.amt.genova.it\/amt\/wp-json\/wp\/v2\/posts"}],"about":[{"href":"https:\/\/www.amt.genova.it\/amt\/wp-json\/wp\/v2\/types\/post"}],"author":[{"embeddable":true,"href":"https:\/\/www.amt.genova.it\/amt\/wp-json\/wp\/v2\/users\/2"}],"replies":[{"embeddable":true,"href":"https:\/\/www.amt.genova.it\/amt\/wp-json\/wp\/v2\/comments?post=22386"}],"version-history":[{"count":1,"href":"https:\/\/www.amt.genova.it\/amt\/wp-json\/wp\/v2\/posts\/22386\/revisions"}],"predecessor-version":[{"id":22387,"href":"https:\/\/www.amt.genova.it\/amt\/wp-json\/wp\/v2\/posts\/22386\/revisions\/22387"}],"wp:featuredmedia":[{"embeddable":true,"href":"https:\/\/www.amt.genova.it\/amt\/wp-json\/wp\/v2\/media\/20091"}],"wp:attachment":[{"href":"https:\/\/www.amt.genova.it\/amt\/wp-json\/wp\/v2\/media?parent=22386"}],"wp:term":[{"taxonomy":"category","embeddable":true,"href":"https:\/\/www.amt.genova.it\/amt\/wp-json\/wp\/v2\/categories?post=22386"},{"taxonomy":"post_tag","embeddable":true,"href":"https:\/\/www.amt.genova.it\/amt\/wp-json\/wp\/v2\/tags?post=22386"}],"curies":[{"name":"wp","href":"https:\/\/api.w.org\/{rel}","templated":true}]}}