{"id":22381,"date":"2020-03-13T11:22:57","date_gmt":"2020-03-13T10:22:57","guid":{"rendered":"https:\/\/www.amt.genova.it\/amt\/?p=22381"},"modified":"2020-03-18T17:36:56","modified_gmt":"2020-03-18T16:36:56","slug":"ascensore-castelletto-ponente-sospensione-temporanea-del-servizio-17-e-18-marzo","status":"publish","type":"post","link":"https:\/\/www.amt.genova.it\/amt\/ascensore-castelletto-ponente-sospensione-temporanea-del-servizio-17-e-18-marzo\/","title":{"rendered":"Ascensore Castelletto Ponente sospensione temporanea del servizio 17 e 18 marzo"},"content":{"rendered":"<p>Si informa che l\u2019<strong>ascensore Castelletto Ponente<\/strong> nelle giornate di <strong>marted\u00ec 17 e mercoled\u00ec 18 marzo rester\u00e0 chiuso<\/strong> dalle ore <strong>9.00 alle ore 17.00<\/strong> per consentire lo svolgimento di attivit\u00e0 di manutenzione.<\/p>\n<p>Ricordiamo che \u00e8 possibile utilizzare in alternativa l\u2019ascensore di Castelletto Levante che collega piazza Portello con Spianata Castelletto.<\/p>\n ","protected":false},"excerpt":{"rendered":"Si informa che l\u2019ascensore Castelletto Ponente nelle giornate di marted\u00ec 17 e mercoled\u00ec 18 marzo rester\u00e0 chiuso dalle ore 9.00 alle ore 17.00 per consentire lo svolgimento di attivit\u00e0 di manutenzione. Ricordiamo che \u00e8 possibile utilizzare in alternativa l\u2019ascensore di Castelletto Levante che collega piazza Portello con Spianata Castelletto.","protected":false},"author":2,"featured_media":21858,"comment_status":"closed","ping_status":"open","sticky":false,"template":"","format":"standard","meta":{"footnotes":""},"categories":[4],"tags":[],"class_list":["post-22381","post","type-post","status-publish","format-standard","has-post-thumbnail","hentry","category-notizie","cat-4-id"],"_links":{"self":[{"href":"https:\/\/www.amt.genova.it\/amt\/wp-json\/wp\/v2\/posts\/22381","targetHints":{"allow":["GET"]}}],"collection":[{"href":"https:\/\/www.amt.genova.it\/amt\/wp-json\/wp\/v2\/posts"}],"about":[{"href":"https:\/\/www.amt.genova.it\/amt\/wp-json\/wp\/v2\/types\/post"}],"author":[{"embeddable":true,"href":"https:\/\/www.amt.genova.it\/amt\/wp-json\/wp\/v2\/users\/2"}],"replies":[{"embeddable":true,"href":"https:\/\/www.amt.genova.it\/amt\/wp-json\/wp\/v2\/comments?post=22381"}],"version-history":[{"count":1,"href":"https:\/\/www.amt.genova.it\/amt\/wp-json\/wp\/v2\/posts\/22381\/revisions"}],"predecessor-version":[{"id":22382,"href":"https:\/\/www.amt.genova.it\/amt\/wp-json\/wp\/v2\/posts\/22381\/revisions\/22382"}],"wp:featuredmedia":[{"embeddable":true,"href":"https:\/\/www.amt.genova.it\/amt\/wp-json\/wp\/v2\/media\/21858"}],"wp:attachment":[{"href":"https:\/\/www.amt.genova.it\/amt\/wp-json\/wp\/v2\/media?parent=22381"}],"wp:term":[{"taxonomy":"category","embeddable":true,"href":"https:\/\/www.amt.genova.it\/amt\/wp-json\/wp\/v2\/categories?post=22381"},{"taxonomy":"post_tag","embeddable":true,"href":"https:\/\/www.amt.genova.it\/amt\/wp-json\/wp\/v2\/tags?post=22381"}],"curies":[{"name":"wp","href":"https:\/\/api.w.org\/{rel}","templated":true}]}}