{"id":22373,"date":"2020-03-11T13:58:28","date_gmt":"2020-03-11T12:58:28","guid":{"rendered":"https:\/\/www.amt.genova.it\/amt\/?p=22373"},"modified":"2020-03-16T16:24:59","modified_gmt":"2020-03-16T15:24:59","slug":"ferrovia-genova-casella-variazioni-al-servizio-nel-mese-di-marzo-2","status":"publish","type":"post","link":"https:\/\/www.amt.genova.it\/amt\/ferrovia-genova-casella-variazioni-al-servizio-nel-mese-di-marzo-2\/","title":{"rendered":"Ferrovia Genova Casella variazioni al servizio nel mese di marzo"},"content":{"rendered":"<p>Si informa che, al fine di consentire l\u2019esecuzione di alcuni lavori nel cantiere di consolidamento della sede ferroviaria in localit\u00e0 Vallombrosa, nei giorni:<\/p>\n<p><strong>-\u00a0 \u00a0 \u00a0 \u00a0 \u00a0 \u00a0mercoled\u00ec 11, gioved\u00ec 12 e venerd\u00ec 13 marzo<\/strong><\/p>\n<p><strong>-\u00a0\u00a0\u00a0\u00a0\u00a0\u00a0\u00a0\u00a0\u00a0\u00a0 marted\u00ec 17, mercoled\u00ec 18 e gioved\u00ec 19 marzo<\/strong><\/p>\n<p><strong>-\u00a0\u00a0\u00a0\u00a0\u00a0\u00a0\u00a0\u00a0\u00a0\u00a0 marted\u00ec 24, mercoled\u00ec 25 e gioved\u00ec 26 marzo<\/strong><\/p>\n<p>il servizio della Ferrovia Genova Casella verr\u00e0 svolto interamente con il <strong>bus sostitutivo<\/strong>.<br \/>\nIl bus, in partenza da Genova piazza Manin e dalla stazione di Casella, effettuer\u00e0 tutte le corse con lo stesso orario del treno.<br \/>\nNelle restanti giornate il servizio sar\u00e0 svolto regolarmente con il treno.<\/p>\n ","protected":false},"excerpt":{"rendered":"Si informa che, al fine di consentire l\u2019esecuzione di alcuni lavori nel cantiere di consolidamento della sede ferroviaria in localit\u00e0 Vallombrosa, nei giorni: -\u00a0 \u00a0 \u00a0 \u00a0 \u00a0 \u00a0mercoled\u00ec 11, gioved\u00ec 12 e venerd\u00ec 13 marzo -\u00a0\u00a0\u00a0\u00a0\u00a0\u00a0\u00a0\u00a0\u00a0\u00a0 marted\u00ec 17, mercoled\u00ec 18 e gioved\u00ec 19 marzo -\u00a0\u00a0\u00a0\u00a0\u00a0\u00a0\u00a0\u00a0\u00a0\u00a0 marted\u00ec 24, mercoled\u00ec 25 e gioved\u00ec 26 marzo il servizio della Ferrovia Genova Casella&nbsp;<a href=\"https:\/\/www.amt.genova.it\/amt\/ferrovia-genova-casella-variazioni-al-servizio-nel-mese-di-marzo-2\/\" class=\"read-more\">Continue Reading<\/a>","protected":false},"author":2,"featured_media":18989,"comment_status":"closed","ping_status":"open","sticky":false,"template":"","format":"standard","meta":{"footnotes":""},"categories":[4],"tags":[],"class_list":["post-22373","post","type-post","status-publish","format-standard","has-post-thumbnail","hentry","category-notizie","cat-4-id"],"_links":{"self":[{"href":"https:\/\/www.amt.genova.it\/amt\/wp-json\/wp\/v2\/posts\/22373","targetHints":{"allow":["GET"]}}],"collection":[{"href":"https:\/\/www.amt.genova.it\/amt\/wp-json\/wp\/v2\/posts"}],"about":[{"href":"https:\/\/www.amt.genova.it\/amt\/wp-json\/wp\/v2\/types\/post"}],"author":[{"embeddable":true,"href":"https:\/\/www.amt.genova.it\/amt\/wp-json\/wp\/v2\/users\/2"}],"replies":[{"embeddable":true,"href":"https:\/\/www.amt.genova.it\/amt\/wp-json\/wp\/v2\/comments?post=22373"}],"version-history":[{"count":1,"href":"https:\/\/www.amt.genova.it\/amt\/wp-json\/wp\/v2\/posts\/22373\/revisions"}],"predecessor-version":[{"id":22374,"href":"https:\/\/www.amt.genova.it\/amt\/wp-json\/wp\/v2\/posts\/22373\/revisions\/22374"}],"wp:featuredmedia":[{"embeddable":true,"href":"https:\/\/www.amt.genova.it\/amt\/wp-json\/wp\/v2\/media\/18989"}],"wp:attachment":[{"href":"https:\/\/www.amt.genova.it\/amt\/wp-json\/wp\/v2\/media?parent=22373"}],"wp:term":[{"taxonomy":"category","embeddable":true,"href":"https:\/\/www.amt.genova.it\/amt\/wp-json\/wp\/v2\/categories?post=22373"},{"taxonomy":"post_tag","embeddable":true,"href":"https:\/\/www.amt.genova.it\/amt\/wp-json\/wp\/v2\/tags?post=22373"}],"curies":[{"name":"wp","href":"https:\/\/api.w.org\/{rel}","templated":true}]}}