{"id":22356,"date":"2020-03-10T14:38:09","date_gmt":"2020-03-10T13:38:09","guid":{"rendered":"https:\/\/www.amt.genova.it\/amt\/?p=22356"},"modified":"2020-03-16T09:53:58","modified_gmt":"2020-03-16T08:53:58","slug":"linea-3-variazione-provvisoria-di-capolinea-giovedi-12-e-venerdi-13-marzo","status":"publish","type":"post","link":"https:\/\/www.amt.genova.it\/amt\/linea-3-variazione-provvisoria-di-capolinea-giovedi-12-e-venerdi-13-marzo\/","title":{"rendered":"Linea 3 variazione provvisoria di capolinea gioved\u00ec 12 e venerd\u00ec 13 marzo"},"content":{"rendered":"<p>A seguito di lavori di potatura, <strong>gioved\u00ec 12 e venerd\u00ec 13 marzo<\/strong>, <strong>dalle ore 10.00 alle ore 17.00<\/strong>, l\u2019area di capolinea di via Soliman sar\u00e0 chiusa al transito.<\/p>\n<p>Pertanto, <strong>la linea 3<\/strong> effettuer\u00e0 <strong>capolinea provvisorio<\/strong> nel primo tratto di <strong>via Menotti<\/strong>, in corrispondenza del capolinea della linea 5\/.<\/p>\n<p>&nbsp;<\/p>\n<p>&nbsp;<\/p>\n ","protected":false},"excerpt":{"rendered":"A seguito di lavori di potatura, gioved\u00ec 12 e venerd\u00ec 13 marzo, dalle ore 10.00 alle ore 17.00, l\u2019area di capolinea di via Soliman sar\u00e0 chiusa al transito. Pertanto, la linea 3 effettuer\u00e0 capolinea provvisorio nel primo tratto di via Menotti, in corrispondenza del capolinea della linea 5\/. &nbsp; &nbsp;","protected":false},"author":2,"featured_media":19095,"comment_status":"closed","ping_status":"open","sticky":false,"template":"","format":"standard","meta":{"footnotes":""},"categories":[4],"tags":[],"class_list":["post-22356","post","type-post","status-publish","format-standard","has-post-thumbnail","hentry","category-notizie","cat-4-id"],"_links":{"self":[{"href":"https:\/\/www.amt.genova.it\/amt\/wp-json\/wp\/v2\/posts\/22356","targetHints":{"allow":["GET"]}}],"collection":[{"href":"https:\/\/www.amt.genova.it\/amt\/wp-json\/wp\/v2\/posts"}],"about":[{"href":"https:\/\/www.amt.genova.it\/amt\/wp-json\/wp\/v2\/types\/post"}],"author":[{"embeddable":true,"href":"https:\/\/www.amt.genova.it\/amt\/wp-json\/wp\/v2\/users\/2"}],"replies":[{"embeddable":true,"href":"https:\/\/www.amt.genova.it\/amt\/wp-json\/wp\/v2\/comments?post=22356"}],"version-history":[{"count":2,"href":"https:\/\/www.amt.genova.it\/amt\/wp-json\/wp\/v2\/posts\/22356\/revisions"}],"predecessor-version":[{"id":22379,"href":"https:\/\/www.amt.genova.it\/amt\/wp-json\/wp\/v2\/posts\/22356\/revisions\/22379"}],"wp:featuredmedia":[{"embeddable":true,"href":"https:\/\/www.amt.genova.it\/amt\/wp-json\/wp\/v2\/media\/19095"}],"wp:attachment":[{"href":"https:\/\/www.amt.genova.it\/amt\/wp-json\/wp\/v2\/media?parent=22356"}],"wp:term":[{"taxonomy":"category","embeddable":true,"href":"https:\/\/www.amt.genova.it\/amt\/wp-json\/wp\/v2\/categories?post=22356"},{"taxonomy":"post_tag","embeddable":true,"href":"https:\/\/www.amt.genova.it\/amt\/wp-json\/wp\/v2\/tags?post=22356"}],"curies":[{"name":"wp","href":"https:\/\/api.w.org\/{rel}","templated":true}]}}