{"id":22265,"date":"2020-03-04T11:26:55","date_gmt":"2020-03-04T10:26:55","guid":{"rendered":"https:\/\/www.amt.genova.it\/amt\/?p=22265"},"modified":"2020-03-09T08:22:43","modified_gmt":"2020-03-09T07:22:43","slug":"revocato-lo-sciopero-usb-di-24-ore-del-9-marzo-servizio-amt-regolare","status":"publish","type":"post","link":"https:\/\/www.amt.genova.it\/amt\/revocato-lo-sciopero-usb-di-24-ore-del-9-marzo-servizio-amt-regolare\/","title":{"rendered":"Revocato lo sciopero USB di 24 ore del 9 marzo. Servizio AMT regolare"},"content":{"rendered":"<p>Si informa che l\u2019organizzazione sindacale <strong>USB Lavoro Privato Genova ha revocato lo sciopero<\/strong> generale di 24 ore previsto per luned\u00ec 9 marzo 2020. <strong>Pertanto nella giornata di luned\u00ec 9 marzo il sevizio AMT sar\u00e0 regolare. <\/strong>Saranno regolarmente attivi anche gli sportelli aperti al pubblico (biglietterie, esattoria, AMT Point) e il call center del servizio clienti.<\/p>\n ","protected":false},"excerpt":{"rendered":"Si informa che l\u2019organizzazione sindacale USB Lavoro Privato Genova ha revocato lo sciopero generale di 24 ore previsto per luned\u00ec 9 marzo 2020. Pertanto nella giornata di luned\u00ec 9 marzo il sevizio AMT sar\u00e0 regolare. Saranno regolarmente attivi anche gli sportelli aperti al pubblico (biglietterie, esattoria, AMT Point) e il call center del servizio clienti.","protected":false},"author":2,"featured_media":8122,"comment_status":"closed","ping_status":"open","sticky":false,"template":"","format":"standard","meta":{"footnotes":""},"categories":[4],"tags":[],"class_list":["post-22265","post","type-post","status-publish","format-standard","has-post-thumbnail","hentry","category-notizie","cat-4-id"],"_links":{"self":[{"href":"https:\/\/www.amt.genova.it\/amt\/wp-json\/wp\/v2\/posts\/22265","targetHints":{"allow":["GET"]}}],"collection":[{"href":"https:\/\/www.amt.genova.it\/amt\/wp-json\/wp\/v2\/posts"}],"about":[{"href":"https:\/\/www.amt.genova.it\/amt\/wp-json\/wp\/v2\/types\/post"}],"author":[{"embeddable":true,"href":"https:\/\/www.amt.genova.it\/amt\/wp-json\/wp\/v2\/users\/2"}],"replies":[{"embeddable":true,"href":"https:\/\/www.amt.genova.it\/amt\/wp-json\/wp\/v2\/comments?post=22265"}],"version-history":[{"count":3,"href":"https:\/\/www.amt.genova.it\/amt\/wp-json\/wp\/v2\/posts\/22265\/revisions"}],"predecessor-version":[{"id":22268,"href":"https:\/\/www.amt.genova.it\/amt\/wp-json\/wp\/v2\/posts\/22265\/revisions\/22268"}],"wp:featuredmedia":[{"embeddable":true,"href":"https:\/\/www.amt.genova.it\/amt\/wp-json\/wp\/v2\/media\/8122"}],"wp:attachment":[{"href":"https:\/\/www.amt.genova.it\/amt\/wp-json\/wp\/v2\/media?parent=22265"}],"wp:term":[{"taxonomy":"category","embeddable":true,"href":"https:\/\/www.amt.genova.it\/amt\/wp-json\/wp\/v2\/categories?post=22265"},{"taxonomy":"post_tag","embeddable":true,"href":"https:\/\/www.amt.genova.it\/amt\/wp-json\/wp\/v2\/tags?post=22265"}],"curies":[{"name":"wp","href":"https:\/\/api.w.org\/{rel}","templated":true}]}}