{"id":22258,"date":"2020-03-03T12:06:00","date_gmt":"2020-03-03T11:06:00","guid":{"rendered":"https:\/\/www.amt.genova.it\/amt\/?p=22258"},"modified":"2020-03-04T11:25:53","modified_gmt":"2020-03-04T10:25:53","slug":"trasporto-pubblico-sciopero-di-24-ore-dellorganizzazione-sindacale-usb-lunedi-9-marzo","status":"publish","type":"post","link":"https:\/\/www.amt.genova.it\/amt\/trasporto-pubblico-sciopero-di-24-ore-dellorganizzazione-sindacale-usb-lunedi-9-marzo\/","title":{"rendered":"Trasporto pubblico sciopero di 24 ore dell\u2019organizzazione sindacale USB luned\u00ec 9 marzo"},"content":{"rendered":"<p>Si informa che l\u2019<strong>Organizzazione sindacale<\/strong> <strong>USB Lavoro Privato di Genova <\/strong>ha aderito allo <strong>sciopero generale<\/strong>, indetto da USB per l\u2019intera giornata di <strong>luned\u00ec 9 marzo 2020<\/strong>.<\/p>\n<p>Di seguito i dettagli.<\/p>\n<p><strong>Modalit\u00e0:<\/strong><\/p>\n<p><strong>AMT Genova<\/strong><\/p>\n<ul>\n<li><strong>il personale viaggiante si asterr\u00e0 dal lavoro per l\u2019intera giornata, il servizio sar\u00e0 garantito nelle due fasce: dalle 6.00 alle 9.00 e dalle 17.30 alle 20.30;<\/strong><\/li>\n<li><strong>il restante personale si asterr\u00e0 dal lavoro per l\u2019intero turno (compreso il personale di biglietterie, esattoria e servizio clienti).<\/strong><\/li>\n<\/ul>\n<p><strong>Ferrovia Genova - Casella<\/strong><\/p>\n<ul>\n<li><strong>il personale viaggiante si asterr\u00e0 dal lavoro per l\u2019intera giornata, il servizio sar\u00e0 garantito nelle due fasce: dalle 6.30 alle 9.30 e dalle 17.30 alle 20.30;<\/strong><\/li>\n<li><strong>il restante personale si asterr\u00e0 dal lavoro per l\u2019intero turno.<\/strong><\/li>\n<\/ul>\n<p>Il servizio sar\u00e0 garantito per le persone portatrici di handicap.<\/p>\n<p>In occasione dell\u2019ultimo sciopero del 10 novembre 2017, a cui ha aderito la stessa organizzazione sindacale, le astensioni dal lavoro dei dipendenti hanno avuto un\u2019incidenza sul servizio programmato pari all\u201911,44% nel servizio urbano. Non si \u00e8 registrata nessuna adesione per metropolitana, impianti speciali e ferrovia Genova - Casella.<\/p>\n<p>&nbsp;<\/p>\n<p>&nbsp;<\/p>\n<p>&nbsp;<\/p>\n ","protected":false},"excerpt":{"rendered":"Si informa che l\u2019Organizzazione sindacale USB Lavoro Privato di Genova ha aderito allo sciopero generale, indetto da USB per l\u2019intera giornata di luned\u00ec 9 marzo 2020. Di seguito i dettagli. Modalit\u00e0: AMT Genova il personale viaggiante si asterr\u00e0 dal lavoro per l\u2019intera giornata, il servizio sar\u00e0 garantito nelle due fasce: dalle 6.00 alle 9.00 e dalle 17.30 alle 20.30; il&nbsp;<a href=\"https:\/\/www.amt.genova.it\/amt\/trasporto-pubblico-sciopero-di-24-ore-dellorganizzazione-sindacale-usb-lunedi-9-marzo\/\" class=\"read-more\">Continue Reading<\/a>","protected":false},"author":2,"featured_media":8122,"comment_status":"closed","ping_status":"open","sticky":false,"template":"","format":"standard","meta":{"footnotes":""},"categories":[4],"tags":[],"class_list":["post-22258","post","type-post","status-publish","format-standard","has-post-thumbnail","hentry","category-notizie","cat-4-id"],"_links":{"self":[{"href":"https:\/\/www.amt.genova.it\/amt\/wp-json\/wp\/v2\/posts\/22258","targetHints":{"allow":["GET"]}}],"collection":[{"href":"https:\/\/www.amt.genova.it\/amt\/wp-json\/wp\/v2\/posts"}],"about":[{"href":"https:\/\/www.amt.genova.it\/amt\/wp-json\/wp\/v2\/types\/post"}],"author":[{"embeddable":true,"href":"https:\/\/www.amt.genova.it\/amt\/wp-json\/wp\/v2\/users\/2"}],"replies":[{"embeddable":true,"href":"https:\/\/www.amt.genova.it\/amt\/wp-json\/wp\/v2\/comments?post=22258"}],"version-history":[{"count":1,"href":"https:\/\/www.amt.genova.it\/amt\/wp-json\/wp\/v2\/posts\/22258\/revisions"}],"predecessor-version":[{"id":22259,"href":"https:\/\/www.amt.genova.it\/amt\/wp-json\/wp\/v2\/posts\/22258\/revisions\/22259"}],"wp:featuredmedia":[{"embeddable":true,"href":"https:\/\/www.amt.genova.it\/amt\/wp-json\/wp\/v2\/media\/8122"}],"wp:attachment":[{"href":"https:\/\/www.amt.genova.it\/amt\/wp-json\/wp\/v2\/media?parent=22258"}],"wp:term":[{"taxonomy":"category","embeddable":true,"href":"https:\/\/www.amt.genova.it\/amt\/wp-json\/wp\/v2\/categories?post=22258"},{"taxonomy":"post_tag","embeddable":true,"href":"https:\/\/www.amt.genova.it\/amt\/wp-json\/wp\/v2\/tags?post=22258"}],"curies":[{"name":"wp","href":"https:\/\/api.w.org\/{rel}","templated":true}]}}