{"id":22208,"date":"2020-02-28T17:30:32","date_gmt":"2020-02-28T16:30:32","guid":{"rendered":"https:\/\/www.amt.genova.it\/amt\/?p=22208"},"modified":"2020-03-11T13:59:09","modified_gmt":"2020-03-11T12:59:09","slug":"ferrovia-genova-casella-variazioni-al-servizio-nel-mese-di-marzo","status":"publish","type":"post","link":"https:\/\/www.amt.genova.it\/amt\/ferrovia-genova-casella-variazioni-al-servizio-nel-mese-di-marzo\/","title":{"rendered":"Ferrovia Genova &#8211; Casella variazioni al servizio nel mese di marzo"},"content":{"rendered":"<p>Si informa che, al fine di consentire l\u2019esecuzione di alcuni lavori nel cantiere di consolidamento della sede ferroviaria in localit\u00e0 Vallombrosa, nei giorni:<\/p>\n<p><strong>-\u00a0\u00a0\u00a0\u00a0\u00a0\u00a0\u00a0\u00a0\u00a0\u00a0 marted\u00ec 3, mercoled\u00ec 4 e gioved\u00ec 5 marzo<\/strong><\/p>\n<p><strong>-\u00a0\u00a0\u00a0\u00a0\u00a0\u00a0\u00a0\u00a0\u00a0\u00a0 marted\u00ec 10, mercoled\u00ec 11 e gioved\u00ec 12 marzo<\/strong><\/p>\n<p><strong>-\u00a0\u00a0\u00a0\u00a0\u00a0\u00a0\u00a0\u00a0\u00a0\u00a0 marted\u00ec 17, mercoled\u00ec 18 e gioved\u00ec 19 marzo<\/strong><\/p>\n<p><strong>-\u00a0\u00a0\u00a0\u00a0\u00a0\u00a0\u00a0\u00a0\u00a0\u00a0 marted\u00ec 24, mercoled\u00ec 25 e gioved\u00ec 26 marzo<\/strong><\/p>\n<p>il servizio della Ferrovia Genova Casella verr\u00e0 svolto interamente con il <strong>bus sostitutivo<\/strong>.<br \/>\nIl bus, in partenza da Genova piazza Manin e dalla stazione di Casella, effettuer\u00e0 tutte le corse con lo stesso orario del treno.<br \/>\nNelle restanti giornate il servizio sar\u00e0 svolto regolarmente con il treno.<\/p>\n ","protected":false},"excerpt":{"rendered":"Si informa che, al fine di consentire l\u2019esecuzione di alcuni lavori nel cantiere di consolidamento della sede ferroviaria in localit\u00e0 Vallombrosa, nei giorni: -\u00a0\u00a0\u00a0\u00a0\u00a0\u00a0\u00a0\u00a0\u00a0\u00a0 marted\u00ec 3, mercoled\u00ec 4 e gioved\u00ec 5 marzo -\u00a0\u00a0\u00a0\u00a0\u00a0\u00a0\u00a0\u00a0\u00a0\u00a0 marted\u00ec 10, mercoled\u00ec 11 e gioved\u00ec 12 marzo -\u00a0\u00a0\u00a0\u00a0\u00a0\u00a0\u00a0\u00a0\u00a0\u00a0 marted\u00ec 17, mercoled\u00ec 18 e gioved\u00ec 19 marzo -\u00a0\u00a0\u00a0\u00a0\u00a0\u00a0\u00a0\u00a0\u00a0\u00a0 marted\u00ec 24, mercoled\u00ec 25 e gioved\u00ec 26 marzo il&nbsp;<a href=\"https:\/\/www.amt.genova.it\/amt\/ferrovia-genova-casella-variazioni-al-servizio-nel-mese-di-marzo\/\" class=\"read-more\">Continue Reading<\/a>","protected":false},"author":2,"featured_media":18989,"comment_status":"closed","ping_status":"open","sticky":false,"template":"","format":"standard","meta":{"footnotes":""},"categories":[4],"tags":[],"class_list":["post-22208","post","type-post","status-publish","format-standard","has-post-thumbnail","hentry","category-notizie","cat-4-id"],"_links":{"self":[{"href":"https:\/\/www.amt.genova.it\/amt\/wp-json\/wp\/v2\/posts\/22208","targetHints":{"allow":["GET"]}}],"collection":[{"href":"https:\/\/www.amt.genova.it\/amt\/wp-json\/wp\/v2\/posts"}],"about":[{"href":"https:\/\/www.amt.genova.it\/amt\/wp-json\/wp\/v2\/types\/post"}],"author":[{"embeddable":true,"href":"https:\/\/www.amt.genova.it\/amt\/wp-json\/wp\/v2\/users\/2"}],"replies":[{"embeddable":true,"href":"https:\/\/www.amt.genova.it\/amt\/wp-json\/wp\/v2\/comments?post=22208"}],"version-history":[{"count":4,"href":"https:\/\/www.amt.genova.it\/amt\/wp-json\/wp\/v2\/posts\/22208\/revisions"}],"predecessor-version":[{"id":22372,"href":"https:\/\/www.amt.genova.it\/amt\/wp-json\/wp\/v2\/posts\/22208\/revisions\/22372"}],"wp:featuredmedia":[{"embeddable":true,"href":"https:\/\/www.amt.genova.it\/amt\/wp-json\/wp\/v2\/media\/18989"}],"wp:attachment":[{"href":"https:\/\/www.amt.genova.it\/amt\/wp-json\/wp\/v2\/media?parent=22208"}],"wp:term":[{"taxonomy":"category","embeddable":true,"href":"https:\/\/www.amt.genova.it\/amt\/wp-json\/wp\/v2\/categories?post=22208"},{"taxonomy":"post_tag","embeddable":true,"href":"https:\/\/www.amt.genova.it\/amt\/wp-json\/wp\/v2\/tags?post=22208"}],"curies":[{"name":"wp","href":"https:\/\/api.w.org\/{rel}","templated":true}]}}