{"id":22068,"date":"2020-02-07T08:00:27","date_gmt":"2020-02-07T07:00:27","guid":{"rendered":"https:\/\/www.amt.genova.it\/amt\/?p=22068"},"modified":"2020-02-19T08:49:11","modified_gmt":"2020-02-19T07:49:11","slug":"ascensore-montegalletto-5","status":"publish","type":"post","link":"https:\/\/www.amt.genova.it\/amt\/ascensore-montegalletto-5\/","title":{"rendered":"Ascensore Montegalletto"},"content":{"rendered":"<p>L\u2019<strong>ascensore<\/strong> <strong>Montegalletto<\/strong> rester\u00e0 chiuso nelle giornate di <strong>marted\u00ec 11, mercoled\u00ec 12 e gioved\u00ec 13 febbraio<\/strong> per consentire lo svolgimento di attivit\u00e0 di manutenzione straordinaria. Tali interventi si rendono necessari a seguito di infiltrazioni di acqua provenienti da tubature esterne all\u2019impianto, che hanno interessato in parte il vano corsa dell\u2019ascensore.<\/p>\n<p>&nbsp;<\/p>\n ","protected":false},"excerpt":{"rendered":"L\u2019ascensore Montegalletto rester\u00e0 chiuso nelle giornate di marted\u00ec 11, mercoled\u00ec 12 e gioved\u00ec 13 febbraio per consentire lo svolgimento di attivit\u00e0 di manutenzione straordinaria. Tali interventi si rendono necessari a seguito di infiltrazioni di acqua provenienti da tubature esterne all\u2019impianto, che hanno interessato in parte il vano corsa dell\u2019ascensore. &nbsp;","protected":false},"author":2,"featured_media":7666,"comment_status":"closed","ping_status":"open","sticky":false,"template":"","format":"standard","meta":{"footnotes":""},"categories":[4],"tags":[],"class_list":["post-22068","post","type-post","status-publish","format-standard","has-post-thumbnail","hentry","category-notizie","cat-4-id"],"_links":{"self":[{"href":"https:\/\/www.amt.genova.it\/amt\/wp-json\/wp\/v2\/posts\/22068","targetHints":{"allow":["GET"]}}],"collection":[{"href":"https:\/\/www.amt.genova.it\/amt\/wp-json\/wp\/v2\/posts"}],"about":[{"href":"https:\/\/www.amt.genova.it\/amt\/wp-json\/wp\/v2\/types\/post"}],"author":[{"embeddable":true,"href":"https:\/\/www.amt.genova.it\/amt\/wp-json\/wp\/v2\/users\/2"}],"replies":[{"embeddable":true,"href":"https:\/\/www.amt.genova.it\/amt\/wp-json\/wp\/v2\/comments?post=22068"}],"version-history":[{"count":1,"href":"https:\/\/www.amt.genova.it\/amt\/wp-json\/wp\/v2\/posts\/22068\/revisions"}],"predecessor-version":[{"id":22069,"href":"https:\/\/www.amt.genova.it\/amt\/wp-json\/wp\/v2\/posts\/22068\/revisions\/22069"}],"wp:featuredmedia":[{"embeddable":true,"href":"https:\/\/www.amt.genova.it\/amt\/wp-json\/wp\/v2\/media\/7666"}],"wp:attachment":[{"href":"https:\/\/www.amt.genova.it\/amt\/wp-json\/wp\/v2\/media?parent=22068"}],"wp:term":[{"taxonomy":"category","embeddable":true,"href":"https:\/\/www.amt.genova.it\/amt\/wp-json\/wp\/v2\/categories?post=22068"},{"taxonomy":"post_tag","embeddable":true,"href":"https:\/\/www.amt.genova.it\/amt\/wp-json\/wp\/v2\/tags?post=22068"}],"curies":[{"name":"wp","href":"https:\/\/api.w.org\/{rel}","templated":true}]}}