{"id":21994,"date":"2020-02-03T13:39:54","date_gmt":"2020-02-03T12:39:54","guid":{"rendered":"https:\/\/www.amt.genova.it\/amt\/?p=21994"},"modified":"2020-02-06T12:18:02","modified_gmt":"2020-02-06T11:18:02","slug":"ascensore-di-quezzi-sospensione-temporanea-del-servizio-mercoledi-5-febbraio","status":"publish","type":"post","link":"https:\/\/www.amt.genova.it\/amt\/ascensore-di-quezzi-sospensione-temporanea-del-servizio-mercoledi-5-febbraio\/","title":{"rendered":"Ascensore di Quezzi sospensione temporanea del servizio mercoled\u00ec 5 febbraio"},"content":{"rendered":"<p>L<strong>\u2019ascensore di Quezzi<\/strong> nella giornata di <strong>mercoled\u00ec 5 febbraio rester\u00e0 chiuso dalle ore 9.00 alle ore 13.00<\/strong> per consentire lo svolgimento di attivit\u00e0 di manutenzione.<\/p>\n<p>&nbsp;<\/p>\n ","protected":false},"excerpt":{"rendered":"L\u2019ascensore di Quezzi nella giornata di mercoled\u00ec 5 febbraio rester\u00e0 chiuso dalle ore 9.00 alle ore 13.00 per consentire lo svolgimento di attivit\u00e0 di manutenzione. &nbsp;","protected":false},"author":2,"featured_media":3211,"comment_status":"closed","ping_status":"open","sticky":false,"template":"","format":"standard","meta":{"footnotes":""},"categories":[4],"tags":[],"class_list":["post-21994","post","type-post","status-publish","format-standard","has-post-thumbnail","hentry","category-notizie","cat-4-id"],"_links":{"self":[{"href":"https:\/\/www.amt.genova.it\/amt\/wp-json\/wp\/v2\/posts\/21994","targetHints":{"allow":["GET"]}}],"collection":[{"href":"https:\/\/www.amt.genova.it\/amt\/wp-json\/wp\/v2\/posts"}],"about":[{"href":"https:\/\/www.amt.genova.it\/amt\/wp-json\/wp\/v2\/types\/post"}],"author":[{"embeddable":true,"href":"https:\/\/www.amt.genova.it\/amt\/wp-json\/wp\/v2\/users\/2"}],"replies":[{"embeddable":true,"href":"https:\/\/www.amt.genova.it\/amt\/wp-json\/wp\/v2\/comments?post=21994"}],"version-history":[{"count":1,"href":"https:\/\/www.amt.genova.it\/amt\/wp-json\/wp\/v2\/posts\/21994\/revisions"}],"predecessor-version":[{"id":21995,"href":"https:\/\/www.amt.genova.it\/amt\/wp-json\/wp\/v2\/posts\/21994\/revisions\/21995"}],"wp:featuredmedia":[{"embeddable":true,"href":"https:\/\/www.amt.genova.it\/amt\/wp-json\/wp\/v2\/media\/3211"}],"wp:attachment":[{"href":"https:\/\/www.amt.genova.it\/amt\/wp-json\/wp\/v2\/media?parent=21994"}],"wp:term":[{"taxonomy":"category","embeddable":true,"href":"https:\/\/www.amt.genova.it\/amt\/wp-json\/wp\/v2\/categories?post=21994"},{"taxonomy":"post_tag","embeddable":true,"href":"https:\/\/www.amt.genova.it\/amt\/wp-json\/wp\/v2\/tags?post=21994"}],"curies":[{"name":"wp","href":"https:\/\/api.w.org\/{rel}","templated":true}]}}