{"id":21824,"date":"2020-01-04T21:37:05","date_gmt":"2020-01-04T20:37:05","guid":{"rendered":"https:\/\/www.amt.genova.it\/amt\/?p=21824"},"modified":"2020-01-05T08:41:44","modified_gmt":"2020-01-05T07:41:44","slug":"sabato-4-gennaio-modifiche-ai-percorsi-bus","status":"publish","type":"post","link":"https:\/\/www.amt.genova.it\/amt\/sabato-4-gennaio-modifiche-ai-percorsi-bus\/","title":{"rendered":"Sabato 4 gennaio modifiche ai percorsi bus"},"content":{"rendered":"<p>A seguito della chiusura di via Fillak, a partire dalle ore 22.00 di questa sera, sabato 4 gennaio, indicativamente fino alle ore 6.00 di domenica 5 gennaio e comunque fino a cessate esigenze, le linee 7, 9 e N1 subiranno le seguenti modifiche di percorso. La linea 7 sar\u00e0 limitata sul percorso Pontedecimo - Brin, verr\u00e0 istituita una navetta bus tra Principe e via Fillak. La linea 9 sar\u00e0 limitata sul percorso Pontedecimo - Brin, verr\u00e0 istituita una navetta bus tra Caricamento e via Fillak. La linea notturna N1 sar\u00e0 deviata su percorso alternativo, transitando in entrambi i sensi di marcia in via 30 Giugno.<\/p>\n ","protected":false},"excerpt":{"rendered":"A seguito della chiusura di via Fillak, a partire dalle ore 22.00 di questa sera, sabato 4 gennaio, indicativamente fino alle ore 6.00 di domenica 5 gennaio e comunque fino a cessate esigenze, le linee 7, 9 e N1 subiranno le seguenti modifiche di percorso. La linea 7 sar\u00e0 limitata sul percorso Pontedecimo - Brin, verr\u00e0 istituita una navetta bus&nbsp;<a href=\"https:\/\/www.amt.genova.it\/amt\/sabato-4-gennaio-modifiche-ai-percorsi-bus\/\" class=\"read-more\">Continue Reading<\/a>","protected":false},"author":2,"featured_media":20091,"comment_status":"closed","ping_status":"open","sticky":false,"template":"","format":"standard","meta":{"footnotes":""},"categories":[4],"tags":[],"class_list":["post-21824","post","type-post","status-publish","format-standard","has-post-thumbnail","hentry","category-notizie","cat-4-id"],"_links":{"self":[{"href":"https:\/\/www.amt.genova.it\/amt\/wp-json\/wp\/v2\/posts\/21824","targetHints":{"allow":["GET"]}}],"collection":[{"href":"https:\/\/www.amt.genova.it\/amt\/wp-json\/wp\/v2\/posts"}],"about":[{"href":"https:\/\/www.amt.genova.it\/amt\/wp-json\/wp\/v2\/types\/post"}],"author":[{"embeddable":true,"href":"https:\/\/www.amt.genova.it\/amt\/wp-json\/wp\/v2\/users\/2"}],"replies":[{"embeddable":true,"href":"https:\/\/www.amt.genova.it\/amt\/wp-json\/wp\/v2\/comments?post=21824"}],"version-history":[{"count":3,"href":"https:\/\/www.amt.genova.it\/amt\/wp-json\/wp\/v2\/posts\/21824\/revisions"}],"predecessor-version":[{"id":21827,"href":"https:\/\/www.amt.genova.it\/amt\/wp-json\/wp\/v2\/posts\/21824\/revisions\/21827"}],"wp:featuredmedia":[{"embeddable":true,"href":"https:\/\/www.amt.genova.it\/amt\/wp-json\/wp\/v2\/media\/20091"}],"wp:attachment":[{"href":"https:\/\/www.amt.genova.it\/amt\/wp-json\/wp\/v2\/media?parent=21824"}],"wp:term":[{"taxonomy":"category","embeddable":true,"href":"https:\/\/www.amt.genova.it\/amt\/wp-json\/wp\/v2\/categories?post=21824"},{"taxonomy":"post_tag","embeddable":true,"href":"https:\/\/www.amt.genova.it\/amt\/wp-json\/wp\/v2\/tags?post=21824"}],"curies":[{"name":"wp","href":"https:\/\/api.w.org\/{rel}","templated":true}]}}