{"id":21810,"date":"2019-12-31T08:41:45","date_gmt":"2019-12-31T07:41:45","guid":{"rendered":"https:\/\/www.amt.genova.it\/amt\/?p=21810"},"modified":"2020-01-14T11:13:37","modified_gmt":"2020-01-14T10:13:37","slug":"linea-taxibus-i28-variazioni-da-giovedi-2-gennaio","status":"publish","type":"post","link":"https:\/\/www.amt.genova.it\/amt\/linea-taxibus-i28-variazioni-da-giovedi-2-gennaio\/","title":{"rendered":"Linea Taxibus I28 variazioni da gioved\u00ec 2 gennaio"},"content":{"rendered":"<p>Si informa che la<strong> linea Taxibus I28<\/strong> (piazza Pittaluga - via Nora Massa) a partire <strong>da gioved\u00ec 2 gennaio<\/strong> verr\u00e0 effettuata, oltre che nelle giornate di marted\u00ec e venerd\u00ec, <strong>anche il gioved\u00ec e il sabato<\/strong> (festivi esclusi).<\/p>\n<p>L\u2019orario del servizio ed il numero di corse rimangono invariate.<\/p>\n<p>Si ricorda che la linea Taxibus I28 \u00e8 un servizio a chiamata, pertanto verranno effettuate esclusivamente le corse prenotate.<\/p>\n ","protected":false},"excerpt":{"rendered":"Si informa che la linea Taxibus I28 (piazza Pittaluga - via Nora Massa) a partire da gioved\u00ec 2 gennaio verr\u00e0 effettuata, oltre che nelle giornate di marted\u00ec e venerd\u00ec, anche il gioved\u00ec e il sabato (festivi esclusi). L\u2019orario del servizio ed il numero di corse rimangono invariate. Si ricorda che la linea Taxibus I28 \u00e8 un servizio a chiamata, pertanto&nbsp;<a href=\"https:\/\/www.amt.genova.it\/amt\/linea-taxibus-i28-variazioni-da-giovedi-2-gennaio\/\" class=\"read-more\">Continue Reading<\/a>","protected":false},"author":2,"featured_media":11619,"comment_status":"closed","ping_status":"open","sticky":false,"template":"","format":"standard","meta":{"footnotes":""},"categories":[4],"tags":[],"class_list":["post-21810","post","type-post","status-publish","format-standard","has-post-thumbnail","hentry","category-notizie","cat-4-id"],"_links":{"self":[{"href":"https:\/\/www.amt.genova.it\/amt\/wp-json\/wp\/v2\/posts\/21810","targetHints":{"allow":["GET"]}}],"collection":[{"href":"https:\/\/www.amt.genova.it\/amt\/wp-json\/wp\/v2\/posts"}],"about":[{"href":"https:\/\/www.amt.genova.it\/amt\/wp-json\/wp\/v2\/types\/post"}],"author":[{"embeddable":true,"href":"https:\/\/www.amt.genova.it\/amt\/wp-json\/wp\/v2\/users\/2"}],"replies":[{"embeddable":true,"href":"https:\/\/www.amt.genova.it\/amt\/wp-json\/wp\/v2\/comments?post=21810"}],"version-history":[{"count":1,"href":"https:\/\/www.amt.genova.it\/amt\/wp-json\/wp\/v2\/posts\/21810\/revisions"}],"predecessor-version":[{"id":21811,"href":"https:\/\/www.amt.genova.it\/amt\/wp-json\/wp\/v2\/posts\/21810\/revisions\/21811"}],"wp:featuredmedia":[{"embeddable":true,"href":"https:\/\/www.amt.genova.it\/amt\/wp-json\/wp\/v2\/media\/11619"}],"wp:attachment":[{"href":"https:\/\/www.amt.genova.it\/amt\/wp-json\/wp\/v2\/media?parent=21810"}],"wp:term":[{"taxonomy":"category","embeddable":true,"href":"https:\/\/www.amt.genova.it\/amt\/wp-json\/wp\/v2\/categories?post=21810"},{"taxonomy":"post_tag","embeddable":true,"href":"https:\/\/www.amt.genova.it\/amt\/wp-json\/wp\/v2\/tags?post=21810"}],"curies":[{"name":"wp","href":"https:\/\/api.w.org\/{rel}","templated":true}]}}