{"id":21792,"date":"2019-12-31T16:02:52","date_gmt":"2019-12-31T15:02:52","guid":{"rendered":"https:\/\/www.amt.genova.it\/amt\/?p=21792"},"modified":"2020-01-02T00:03:33","modified_gmt":"2020-01-01T23:03:33","slug":"tri-capodanno-le-disposizioni-del-comune-in-tema-di-viabilita-e-sicurezza","status":"publish","type":"post","link":"https:\/\/www.amt.genova.it\/amt\/tri-capodanno-le-disposizioni-del-comune-in-tema-di-viabilita-e-sicurezza\/","title":{"rendered":"TriCapodanno, le disposizioni del Comune in tema di viabilit\u00e0 e sicurezza"},"content":{"rendered":"<p class=\"s11\"><span class=\"s12\"><span class=\"bumpedFont20\">Comunicato stampa del Comune di Genova\u00a0<\/span><\/span><\/p>\n<p class=\"s11\"><span class=\"s12\"><span class=\"bumpedFont20\"><br \/>\nUna lunga festa che occuper\u00e0 le serate dei genovesi, dei turisti e degli ospiti della nostra citt\u00e0, dal 29 al 31 dicembre, con tre notti di musica declinata per tutti i gusti<\/span><\/span><span class=\"s12\"><span class=\"bumpedFont20\">e un continuo alternarsi di cantanti, musicisti Dj, <\/span><\/span><span class=\"s12\"><span class=\"bumpedFont20\">youtuber<\/span><\/span><span class=\"s12\"><span class=\"bumpedFont20\">e rapper. <\/span><\/span><span class=\"s12\"><span class=\"bumpedFont20\">Grazie al sostegno di Salini Impregilo, <\/span><\/span><span class=\"s12\"><span class=\"bumpedFont20\">Iren<\/span><\/span><span class=\"s12\"><span class=\"bumpedFont20\"> ed Esselunga Genova potr\u00e0 proporre ai suoi visitatori e ai genovesi una programma di festeggiamenti \u201cno-stop\u201d. L\u2019evento \u00e8 sostenuto anche attraverso proventi dell\u2019imposta di soggiorno.<\/span><\/span><\/p>\n<p class=\"s11\"><span class=\"s12\"><span class=\"bumpedFont20\">L\u2019ammin<\/span><\/span><span class=\"s12\"><span class=\"bumpedFont20\">istrazione comunale ha previsto<\/span><\/span> <span class=\"s13\"><span class=\"bumpedFont20\">una serie di disposizioni per la sicurezza delle piazze e delle vie della citt\u00e0<\/span><\/span><span class=\"s12\"><span class=\"bumpedFont20\"> che ospiteranno le manifestazioni in programma. Dalle <\/span><\/span><span class=\"s13\"><span class=\"bumpedFont20\">modifiche <\/span><\/span><span class=\"s13\"><span class=\"bumpedFont20\">della viabilit\u00e0<\/span><\/span><span class=\"s12\"><span class=\"bumpedFont20\"> al <\/span><\/span><span class=\"s13\"><span class=\"bumpedFont20\">divieto di circolazione e di sosta<\/span><\/span><span class=\"s12\"><span class=\"bumpedFont20\">, dalle misure in tema di <\/span><\/span><span class=\"s13\"><span class=\"bumpedFont20\">botti e fuochi d\u2019artificio<\/span><\/span><span class=\"s12\"><span class=\"bumpedFont20\"> a quelle per l\u2019<\/span><\/span><span class=\"s13\"><span class=\"bumpedFont20\">utilizzo dei contenitori in vetro<\/span><\/span><span class=\"s12\"><span class=\"bumpedFont20\">.<\/span><\/span><\/p>\n<p class=\"s11\"><span class=\"s12\"><span class=\"bumpedFont20\">\u201cOffriremo ai genovesi e ai tanti turisti che sono ospiti della citt\u00e0 <\/span><\/span><span class=\"s12\"><span class=\"bumpedFont20\">\u2013 sottolinea l\u2019assessore ai Grandi Eventi <\/span><\/span><span class=\"s13\"><span class=\"bumpedFont20\">Paola <\/span><\/span><span class=\"s13\"><span class=\"bumpedFont20\">Bordilli<\/span><\/span><span class=\"s12\"><span class=\"bumpedFont20\"> \u2013 <\/span><\/span><span class=\"s12\"><span class=\"bumpedFont20\">uno spettacolo lungo tre notti e in diverse location<\/span><\/span><span class=\"s12\"><span class=\"bumpedFont20\">. Il cuore sar\u00e0 naturalmente piazza De Ferrari, ma la citt\u00e0 si accender\u00e0 anche con gli appuntamenti al Porto Antico e con le tante iniziative previste nella Notte di San Silvestro in via Garibaldi, a Palazzo Ducale. Abbiamo pensato a una serie di provvedimenti per salvaguardare l\u2019incolumit\u00e0 pubblica e perch\u00e9 il divertimento sia sicuro e sano.<\/span><\/span> <span class=\"s12\"><span class=\"bumpedFont20\">Imponente anche lo sforzo per assicurare un servizio pubblico che consenta ai cittadini e ai turisti di muoversi in citt\u00e0. <\/span><\/span><span class=\"s14\"><span class=\"bumpedFont20\">Con il mio collega Matteo Campora, p<\/span><\/span><span class=\"s14\"><span class=\"bumpedFont20\">er quanto riguarda il servizio <\/span><\/span><span class=\"s14\"><span class=\"bumpedFont20\">Amt<\/span><\/span><span class=\"s14\"><span class=\"bumpedFont20\">,<\/span><\/span><span class=\"s14\"><span class=\"bumpedFont20\"> abbiamo deciso di estendere le corse fino alle ore 4, un\u2019ora in pi\u00f9 rispetto allo scorso anno. La Metro nella notte di San Silvestro funzioner\u00e0 non stop. Anche il servizio taxi \u00e8 stato potenziato<\/span><\/span><span class=\"s14\"><span class=\"bumpedFont20\">. Vorrei ringraziare tutti coloro \u2013 e sono tanti \u2013 che hanno lavorato e lavoreranno per la buona riuscita di questo Capodanno lungo tre giorni<\/span><\/span><span class=\"s14\"><span class=\"bumpedFont20\">\u201d.<\/span><\/span><\/p>\n<p><span class=\"s15\"><span class=\"bumpedFont20\">\u25ba<\/span><\/span> <span class=\"s16\"><span class=\"bumpedFont20\">CIRCOLAZIONE E S<\/span><\/span><a name=\"_GoBack\"><\/a><span class=\"s16\"><span class=\"bumpedFont20\">OSTA VEICOLARE IN ALCUNE STRADE DEL CENTRO CITTADINO<\/span><\/span><\/p>\n<p class=\"s11\"><span class=\"s17\"><span class=\"bumpedFont20\">\u00c8 istituito il divieto di sosta e di fermata temporaneo dalle ore 7.00 di domenica\u00a0<\/span><\/span><span class=\"s17\"><span class=\"bumpedFont20\">29 dicembre 2019<\/span><\/span><span class=\"s17\"><span class=\"bumpedFont20\">\u00a0alle ore 8.00 di mercoled\u00ec 1\u00b0\u00a0<\/span><\/span><span class=\"s17\"><span class=\"bumpedFont20\">gennaio\u00a0<\/span><\/span><span class=\"s17\"><span class=\"bumpedFont20\">2020 su ambo i lati delle vie Dante, Vernazza, Petrarca e <\/span><\/span><span class=\"s17\"><span class=\"bumpedFont20\">Ceccardi<\/span><\/span><span class=\"s17\"><span class=\"bumpedFont20\">.<\/span><\/span><\/p>\n<p class=\"s11\"><span class=\"s12\"><span class=\"bumpedFont20\">Divieto di transito e di sosta in piazza De Ferrari dalle ore 16 del 29 dicembre alle ore 5 del 30 dicembre (e comunque fino a cessate esigenze) e dalle ore 16 del 30 dicembr<\/span><\/span><span class=\"s12\"><span class=\"bumpedFont20\">e alle ore 5 del 31 dicembre e dalle ore 16 del 31 dicembre alle 8 del 1\u00b0 gennaio.<\/span><\/span><\/p>\n<p class=\"s11\"><span class=\"s17\"><span class=\"bumpedFont20\">Divieto di sosta e di fermata temporaneo dalle ore 19.00 di marted\u00ec\u00a0<\/span><\/span><span class=\"s17\"><span class=\"bumpedFont20\">31 dicembre 2019<\/span><\/span><span class=\"s17\"><span class=\"bumpedFont20\">\u00a0alle ore 8.00 di mercoled\u00ec 1\u00b0\u00a0<\/span><\/span><span class=\"s17\"><span class=\"bumpedFont20\">gennaio\u00a0<\/span><\/span><span class=\"s17\"><span class=\"bumpedFont20\">2020 in via Gramsci, controviale altezza Darsena, nelle aree di sosta blu area e Bus Turistici.<\/span><\/span><\/p>\n<p class=\"s11\"><span class=\"s15\"><span class=\"bumpedFont20\">\u25ba <\/span><\/span><span class=\"s16\"><span class=\"bumpedFont20\">POTENZIAMENTO SERVIZIO TAXI<\/span><\/span><\/p>\n<p class=\"s11\"><span class=\"s18\"><span class=\"bumpedFont20\">Il <\/span><\/span><span class=\"s18\"><span class=\"bumpedFont20\">Servizio<\/span><\/span><span class=\"s18\"><span class=\"bumpedFont20\"> taxi <\/span><\/span><span class=\"s18\"><span class=\"bumpedFont20\">sar\u00e0<\/span><\/span> <span class=\"s18\"><span class=\"bumpedFont20\">potenziato<\/span><\/span><span class=\"s18\"><span class=\"bumpedFont20\"> con <\/span><\/span><span class=\"s18\"><span class=\"bumpedFont20\">circa <\/span><\/span><span class=\"s18\"><span class=\"bumpedFont20\">160 auto <\/span><\/span><span class=\"s18\"><span class=\"bumpedFont20\">i<\/span><\/span><span class=\"s18\"><span class=\"bumpedFont20\">n <\/span><\/span><span class=\"s18\"><span class=\"bumpedFont20\">pi\u00f9<\/span><\/span> <span class=\"s18\"><span class=\"bumpedFont20\">il<\/span><\/span><span class=\"s18\"><span class=\"bumpedFont20\">29 e\u00a0<\/span><\/span><span class=\"s19\"><span class=\"bumpedFont20\">30 <\/span><\/span><span class=\"s19\"><span class=\"bumpedFont20\">dicembre<\/span><\/span><span class=\"s19\"><span class=\"bumpedFont20\">; con 300<\/span><\/span><span class=\"s18\"><span class=\"bumpedFont20\">\u00a0auto in <\/span><\/span><span class=\"s18\"><span class=\"bumpedFont20\">pi\u00f9<\/span><\/span> <span class=\"s18\"><span class=\"bumpedFont20\">il<\/span><\/span><span class=\"s18\"><span class=\"bumpedFont20\">\u00a0<\/span><\/span><span class=\"s19\"><span class=\"bumpedFont20\">31 <\/span><\/span><span class=\"s19\"><span class=\"bumpedFont20\">dicembre<\/span><\/span><span class=\"s19\"><span class=\"bumpedFont20\">. <\/span><\/span><span class=\"s19\"><span class=\"bumpedFont20\">Ci\u00f2<\/span><\/span><span class=\"s19\"><span class=\"bumpedFont20\">grazie ad <\/span><\/span><span class=\"s19\"><span class=\"bumpedFont20\">una<\/span><\/span> <span class=\"s19\"><span class=\"bumpedFont20\">diversa<\/span><\/span> <span class=\"s19\"><span class=\"bumpedFont20\">modulazione<\/span><\/span> <span class=\"s19\"><span class=\"bumpedFont20\">degli<\/span><\/span> <span class=\"s19\"><span class=\"bumpedFont20\">orari<\/span><\/span><span class=\"s19\"><span class=\"bumpedFont20\"> e <\/span><\/span><span class=\"s19\"><span class=\"bumpedFont20\">dei<\/span><\/span> <span class=\"s19\"><span class=\"bumpedFont20\">i<\/span><\/span> <span class=\"s19\"><span class=\"bumpedFont20\">turni<\/span><\/span><span class=\"s19\"><span class=\"bumpedFont20\">\u00a0<\/span><\/span><span class=\"s19\"><span class=\"bumpedFont20\">assegnati<\/span><\/span> <span class=\"s19\"><span class=\"bumpedFont20\">ai<\/span><\/span> <span class=\"s19\"><span class=\"bumpedFont20\">concessionari<\/span><\/span><span class=\"s19\"><span class=\"bumpedFont20\"> per <\/span><\/span><span class=\"s19\"><span class=\"bumpedFont20\">garantire<\/span><\/span><span class=\"s19\"><span class=\"bumpedFont20\"> un <\/span><\/span><span class=\"s19\"><span class=\"bumpedFont20\">servizio<\/span><\/span><span class=\"s19\"><span class=\"bumpedFont20\"> taxi <\/span><\/span><span class=\"s19\"><span class=\"bumpedFont20\">adeguato<\/span><\/span> <span class=\"s19\"><span class=\"bumpedFont20\">durante<\/span><\/span><span class=\"s19\"><span class=\"bumpedFont20\"> le <\/span><\/span><span class=\"s19\"><span class=\"bumpedFont20\">giornate<\/span><\/span><span class=\"s19\"><span class=\"bumpedFont20\"> dal 29 <\/span><\/span><span class=\"s19\"><span class=\"bumpedFont20\">dicembre<\/span><\/span><span class=\"s19\"><span class=\"bumpedFont20\"> 2019 al 1\u00b0 <\/span><\/span><span class=\"s19\"><span class=\"bumpedFont20\">gennaio<\/span><\/span><span class=\"s19\"><span class=\"bumpedFont20\"> 2020, in cui <\/span><\/span><span class=\"s19\"><span class=\"bumpedFont20\">si<\/span><\/span> <span class=\"s19\"><span class=\"bumpedFont20\">prevede<\/span><\/span><span class=\"s19\"><span class=\"bumpedFont20\"> un <\/span><\/span><span class=\"s19\"><span class=\"bumpedFont20\">significativo<\/span><\/span> <span class=\"s19\"><span class=\"bumpedFont20\">aumento<\/span><\/span><span class=\"s19\"><span class=\"bumpedFont20\">della<\/span><\/span> <span class=\"s19\"><span class=\"bumpedFont20\">mobilit\u00e0<\/span><\/span> <span class=\"s19\"><span class=\"bumpedFont20\">cittadina<\/span><\/span> <span class=\"s19\"><span class=\"bumpedFont20\">soprattutto<\/span><\/span> <span class=\"s19\"><span class=\"bumpedFont20\">nelle<\/span><\/span><span class=\"s19\"><span class=\"bumpedFont20\"> ore <\/span><\/span><span class=\"s19\"><span class=\"bumpedFont20\">pomeridiane<\/span><\/span><span class=\"s19\"><span class=\"bumpedFont20\">, <\/span><\/span><span class=\"s19\"><span class=\"bumpedFont20\">serali<\/span><\/span><span class=\"s19\"><span class=\"bumpedFont20\"> e <\/span><\/span><span class=\"s19\"><span class=\"bumpedFont20\">notturne<\/span><\/span><span class=\"s19\"><span class=\"bumpedFont20\">.<\/span><\/span><span class=\"s19\"><span class=\"bumpedFont20\"> Con <\/span><\/span><span class=\"s19\"><span class=\"bumpedFont20\">il<\/span><\/span> <span class=\"s19\"><span class=\"bumpedFont20\">divieto<\/span><\/span><span class=\"s19\"><span class=\"bumpedFont20\"> di <\/span><\/span><span class=\"s19\"><span class=\"bumpedFont20\">transito<\/span><\/span><span class=\"s19\"><span class=\"bumpedFont20\"> in Piazza De Ferrari, <\/span><\/span><span class=\"s19\"><span class=\"bumpedFont20\">il<\/span><\/span> <span class=\"s19\"><span class=\"bumpedFont20\">parcheggio<\/span><\/span><span class=\"s19\"><span class=\"bumpedFont20\"> taxi <\/span><\/span><span class=\"s19\"><span class=\"bumpedFont20\">sar\u00e0<\/span><\/span><span class=\"s19\"><span class=\"bumpedFont20\"> in via <\/span><\/span><span class=\"s19\"><span class=\"bumpedFont20\">Ceccardi<\/span><\/span><span class=\"s19\"><span class=\"bumpedFont20\"> e in via Dante.<\/span><\/span><\/p>\n<p><a name=\"OLE_LINK4\"><\/a><span class=\"s13\"><span class=\"bumpedFont20\">\u25ba <\/span><\/span><span class=\"s16\"><span class=\"bumpedFont20\"><b>SERVIZI AMT<\/b><\/span><\/span><\/p>\n<p class=\"s20\"><span class=\"s12\"><span class=\"bumpedFont20\">In occasione dei festeggiamenti per la fine dell\u2019anno, nelle serate di domenica 29, luned\u00ec 30 e marted\u00ec 31 dicembre, <b>AMT ha previsto una serie di intensificazioni al servizio per agevolare i cittadini <\/b>che vorranno raggiungere il centro con i mezzi pubblici per partecipare agli eventi in programma.<\/span><\/span><\/p>\n<p class=\"s20\"><span class=\"s13\"><span class=\"bumpedFont20\"><b>BUS<\/b><\/span><\/span><\/p>\n<p class=\"s20\"><span class=\"s12\"><span class=\"bumpedFont20\">\u2022<\/span><\/span>\u200b<span class=\"s13\"><span class=\"bumpedFont20\">Domenica 29 e luned\u00ec 30 dicembre<\/span><\/span><\/p>\n<p class=\"s20\"><span class=\"s12\"><span class=\"bumpedFont20\">Previsto il collegamento con le direttrici principali <\/span><\/span><span class=\"s13\"><span class=\"bumpedFont20\">fino alle ore 2.30 del mattino<\/span><\/span><span class=\"s12\"><span class=\"bumpedFont20\">: da via <\/span><\/span><span class=\"s12\"><span class=\"bumpedFont20\">Ceccardi<\/span><\/span><span class=\"s12\"><span class=\"bumpedFont20\"> partiranno bus speciali diretti verso il Levante, la <\/span><\/span><span class=\"s12\"><span class=\"bumpedFont20\">Valbisagno<\/span><\/span><span class=\"s12\"><span class=\"bumpedFont20\">, il Ponente e la <\/span><\/span><span class=\"s12\"><span class=\"bumpedFont20\">Valpolcevera<\/span><\/span><span class=\"s12\"><span class=\"bumpedFont20\">.<\/span><\/span><\/p>\n<p class=\"s20\"><span class=\"s12\"><span class=\"bumpedFont20\">\u2022<\/span><\/span>\u200b<span class=\"s13\"><span class=\"bumpedFont20\">Marted\u00ec 31 dicembre<\/span><\/span><\/p>\n<p class=\"s20\"><span class=\"s12\"><span class=\"bumpedFont20\">Previsto il collegamento con le direttrici principali <\/span><\/span><span class=\"s13\"><span class=\"bumpedFont20\">fino alle ore 4.00 del mattino<\/span><\/span><span class=\"s12\"><span class=\"bumpedFont20\">: da via <\/span><\/span><span class=\"s12\"><span class=\"bumpedFont20\">Ceccardi<\/span><\/span><span class=\"s12\"><span class=\"bumpedFont20\"> partiranno bus speciali diretti verso il Levante e la <\/span><\/span><span class=\"s12\"><span class=\"bumpedFont20\">Valbisagno<\/span><\/span><span class=\"s12\"><span class=\"bumpedFont20\">; da via Gramsci\/Darsena partiranno bus speciali diretti verso il Ponente e la <\/span><\/span><span class=\"s12\"><span class=\"bumpedFont20\">Valpolcevera<\/span><\/span><span class=\"s12\"><span class=\"bumpedFont20\">.<\/span><\/span><\/p>\n<p class=\"s20\"><span class=\"s13\"><span class=\"bumpedFont20\"><b>METRO <\/b><\/span><\/span><\/p>\n<p class=\"s20\"><span class=\"s12\"><span class=\"bumpedFont20\">\u2022<\/span><\/span>\u200b<span class=\"s13\"><span class=\"bumpedFont20\">Domenica 29 e luned\u00ec 30 dicembre<\/span><\/span><\/p>\n<p class=\"s20\"><span class=\"s12\"><span class=\"bumpedFont20\">La metropolitana effettuer\u00e0 l\u2019ultima corsa da <\/span><\/span><span class=\"s12\"><span class=\"bumpedFont20\">Brignole<\/span><\/span><span class=\"s12\"><span class=\"bumpedFont20\"> alle ore <\/span><\/span><span class=\"s13\"><span class=\"bumpedFont20\">2.30<\/span><\/span><span class=\"s12\"><span class=\"bumpedFont20\"> e da <\/span><\/span><span class=\"s12\"><span class=\"bumpedFont20\">Brin<\/span><\/span><span class=\"s12\"><span class=\"bumpedFont20\"> alle ore <\/span><\/span><span class=\"s13\"><span class=\"bumpedFont20\">2.06<\/span><\/span><span class=\"s12\"><span class=\"bumpedFont20\">.<\/span><\/span><\/p>\n<p class=\"s20\"><span class=\"s12\"><span class=\"bumpedFont20\">\u2022<\/span><\/span>\u200b<span class=\"s13\"><span class=\"bumpedFont20\">Marted\u00ec 31 dicembre<\/span><\/span><\/p>\n<p class=\"s20\"><span class=\"s12\"><span class=\"bumpedFont20\">La metropolitana sar\u00e0 in servizio non stop per <\/span><\/span><span class=\"s13\"><span class=\"bumpedFont20\">tutta la notte<\/span><\/span><span class=\"s12\"><span class=\"bumpedFont20\">.<\/span><\/span><\/p>\n<p class=\"s20\"><span class=\"s13\"><span class=\"bumpedFont20\"><b>ASCENSORE CASTELLETTO LEVANTE<\/b><\/span><\/span><\/p>\n<p class=\"s20\"><span class=\"s12\"><span class=\"bumpedFont20\">\u2022<\/span><\/span>\u200b<span class=\"s13\"><span class=\"bumpedFont20\">Domenica 29 e luned\u00ec 30 dicembre<\/span><\/span><\/p>\n<p class=\"s20\"><span class=\"s12\"><span class=\"bumpedFont20\">L\u2019ascensore sar\u00e0 aperto <\/span><\/span><span class=\"s13\"><span class=\"bumpedFont20\">fino alle ore 2.00<\/span><\/span><span class=\"s12\"><span class=\"bumpedFont20\"> del mattino.<\/span><\/span><\/p>\n<p class=\"s20\"><span class=\"s12\"><span class=\"bumpedFont20\">\u2022<\/span><\/span>\u200b<span class=\"s13\"><span class=\"bumpedFont20\">Marted\u00ec 31 dicembre<\/span><\/span><\/p>\n<p class=\"s20\"><span class=\"s12\"><span class=\"bumpedFont20\">L\u2019ascensore sar\u00e0 aperto <\/span><\/span><span class=\"s13\"><span class=\"bumpedFont20\">fino alle ore 3.00<\/span><\/span><span class=\"s12\"><span class=\"bumpedFont20\"> del mattino.<\/span><\/span><\/p>\n<p><i><b><a href=\"https:\/\/www.amt.genova.it\/amt\/variazioni-temporanee-di-percorso-delle-linee-bus-per-i-festeggiamenti-di-fine-anno\/\"><span class=\"s12\"><span class=\"bumpedFont20\">Per le v<\/span><\/span><span class=\"s12\"><span class=\"bumpedFont20\">ariazioni temporanee di percorso delle linee bus <\/span><\/span><span class=\"s12\"><span class=\"bumpedFont20\">clicca qui<\/span><\/span><\/a><\/b><\/i><\/p>\n<p class=\"s11\"><span class=\"s13\"><span class=\"bumpedFont20\"><br \/>\n<\/span><\/span><span class=\"s13\"><span class=\"bumpedFont20\">\u25ba<\/span><\/span> <span class=\"s16\"><span class=\"bumpedFont20\">DISPOSIZIONI PER BOTTI<\/span><\/span><span class=\"s16\"><span class=\"bumpedFont20\">, <\/span><\/span><span class=\"s16\"><span class=\"bumpedFont20\">FUOCHI D\u2019<\/span><\/span><span class=\"s16\"><span class=\"bumpedFont20\">ARTIFICIO<\/span><\/span><span class=\"s16\"><span class=\"bumpedFont20\"> E SPRAY URTICANTI<\/span><\/span><\/p>\n<p class=\"s11\"><span class=\"s12\"><span class=\"bumpedFont20\">In <\/span><\/span><span class=\"s12\"><span class=\"bumpedFont20\">occasione<\/span><\/span> <span class=\"s12\"><span class=\"bumpedFont20\">del<\/span><\/span><span class=\"s12\"><span class=\"bumpedFont20\"> \u00abTri-<\/span><\/span><span class=\"s12\"><span class=\"bumpedFont20\">Capodanno<\/span><\/span><span class=\"s12\"><span class=\"bumpedFont20\">\u00bb<\/span><\/span><span class=\"s12\"><span class=\"bumpedFont20\">, l'<\/span><\/span><span class=\"s12\"><span class=\"bumpedFont20\">a<\/span><\/span><span class=\"s12\"><span class=\"bumpedFont20\">mministrazione<\/span><\/span><span class=\"s12\"><span class=\"bumpedFont20\">comunale<\/span><\/span> <span class=\"s12\"><span class=\"bumpedFont20\">richiama<\/span><\/span><span class=\"s12\"><span class=\"bumpedFont20\"> tutti i <\/span><\/span><span class=\"s12\"><span class=\"bumpedFont20\">cittadini<\/span><\/span><span class=\"s12\"><span class=\"bumpedFont20\"> al <\/span><\/span><span class=\"s12\"><span class=\"bumpedFont20\">rigoroso<\/span><\/span> <span class=\"s12\"><span class=\"bumpedFont20\">rispetto<\/span><\/span><span class=\"s12\"><span class=\"bumpedFont20\"> delle norme per <\/span><\/span><span class=\"s12\"><span class=\"bumpedFont20\">evitare<\/span><\/span> <span class=\"s12\"><span class=\"bumpedFont20\">danni<\/span><\/span> <span class=\"s12\"><span class=\"bumpedFont20\">alle<\/span><\/span> <span class=\"s12\"><span class=\"bumpedFont20\">persone<\/span><\/span><span class=\"s12\"><span class=\"bumpedFont20\"> e <\/span><\/span><span class=\"s12\"><span class=\"bumpedFont20\">agli<\/span><\/span> <span class=\"s12\"><span class=\"bumpedFont20\">animali<\/span><\/span><span class=\"s12\"><span class=\"bumpedFont20\"> e <\/span><\/span><span class=\"s12\"><span class=\"bumpedFont20\">garantire<\/span><\/span><span class=\"s12\"><span class=\"bumpedFont20\"> la <\/span><\/span><span class=\"s12\"><span class=\"bumpedFont20\">sicurezza<\/span><\/span><span class=\"s12\"><span class=\"bumpedFont20\">.<\/span><\/span><\/p>\n<p class=\"s11\"><span class=\"s12\"><span class=\"bumpedFont20\">Su tutto il territorio cittadino<\/span><\/span><span class=\"s12\"><span class=\"bumpedFont20\">, dalle ore <\/span><\/span><span class=\"s12\"><span class=\"bumpedFont20\">19.30 del 29 dicembre alle ore 7<\/span><\/span><span class=\"s12\"><span class=\"bumpedFont20\"> del <\/span><\/span><span class=\"s12\"><span class=\"bumpedFont20\">30 dicembre<\/span><\/span><span class=\"s12\"><span class=\"bumpedFont20\">,<\/span><\/span> <span class=\"s12\"><span class=\"bumpedFont20\">dalle ore 19.30 del 30 dicembre alle ore 7 del 31 dicembre e dalle ore 19.30 del 31 dic<\/span><\/span><span class=\"s12\"><span class=\"bumpedFont20\">embre alle ore 7 del 1\u00b0 gennaio<\/span><\/span> <span class=\"s12\"><span class=\"bumpedFont20\">sa<\/span><\/span><span class=\"s12\"><span class=\"bumpedFont20\">r\u00e0<\/span><\/span><span class=\"s12\"><span class=\"bumpedFont20\"> quindi<\/span><\/span><span class=\"s12\"><span class=\"bumpedFont20\">vietata<\/span><\/span><span class=\"s12\"><span class=\"bumpedFont20\"> la detenzione di ogni tipo di artificio pirotecnico \/ materiale esplodente in area pubblica e\/o aperta al pubblico<\/span><\/span><span class=\"s12\"><span class=\"bumpedFont20\">.<\/span><\/span><\/p>\n<p class=\"s21\"><span class=\"s12\"><span class=\"bumpedFont20\">Si richiama anche l\u2019art. 21 del Regolamento di polizia urbana che pone, fra gli altri, il divieto di fare esplodere botti o petardi di qualsiasi tipo in tutti i luoghi, coperti o scoperti, pubblici o privati in cui si svolgono manifestazioni pubbliche o aperte al pubblico di qualsiasi tipo, nonch\u00e9 in tutte le vie, piazze ed aree pubbliche ove transitano o siano presenti delle persone.<\/span><\/span><\/p>\n<p class=\"s11\"><span class=\"s12\"><span class=\"bumpedFont20\">Nell\u2019area di De Ferrari<\/span><\/span><span class=\"s12\"><span class=\"bumpedFont20\"> d<\/span><\/span><span class=\"s12\"><span class=\"bumpedFont20\">alle ore 19 del 29 dicembre <\/span><\/span><a name=\"_Hlk28354303\"><\/a><span class=\"s12\"><span class=\"bumpedFont20\">fino al termine dello spettacolo<\/span><\/span><span class=\"s12\"><span class=\"bumpedFont20\">, dalle ore 19 del 30 dicembre fino al termine dello spettacolo e dalle ore 19 del 31 dicembre fino al termine dello spettacolo la detenzione di dispositivi contenenti spray urticante. Suddetti spray, qualora detenuti, dovranno essere consegnati prima dell\u2019ingresso nell\u2019area interdetta presso il punto di raccolta appositamente istituito per la loro custodia ubicato in via Petrarca.<\/span><\/span><\/p>\n<p class=\"s11\"><span class=\"s12\"><span class=\"bumpedFont20\">L\u2019inosservanza di queste regole, fatte salve l<\/span><\/span><span class=\"s12\"><span class=\"bumpedFont20\">e sanzioni<\/span><\/span><span class=\"s12\"><span class=\"bumpedFont20\">anche penali previste dalla normativa vigente, saranno punite con una sanzione amministrativa pecuniaria da 100 a 500 euro. All\u2019atto della contestazione della violazione \u00e8 anche stabilito il sequestro degli artifici pirotecnici e del materiale esplodente detenuto dal trasgressore. \u00c8 anche possibile l\u2019applicazione di ulteriori sanzioni per le violazioni di speciali disposizioni legislative o regolamentari.<\/span><\/span><\/p>\n<p class=\"s22\"><span class=\"s15\"><span class=\"bumpedFont20\">\u25ba<\/span><\/span> <span class=\"s16\"><span class=\"bumpedFont20\">DISTRIBUZIONE, DETENZIONE E CONSUMO DI BEVANDE IN CONTENITORI DI VETRO O METALLICI<\/span><\/span><\/p>\n<p class=\"s11\"><span class=\"s23\"><span class=\"bumpedFont20\">LIMITATAMENTE AL TERRITORIO DI PIAZZA DE FERRARI<\/span><\/span><span class=\"s12\"><span class=\"bumpedFont20\">, compreso nel perimetro tra le vie Vernazza, XX Settembre, Dante, Petrarca, Cardinal <\/span><\/span><span class=\"s12\"><span class=\"bumpedFont20\">Boetto<\/span><\/span><span class=\"s12\"><span class=\"bumpedFont20\">, Salita del Fondaco, Vico San Matteo, Vico <\/span><\/span><span class=\"s12\"><span class=\"bumpedFont20\">Fsalamonica<\/span><\/span><span class=\"s12\"><span class=\"bumpedFont20\">, via della Cassa di Risparmio, via XXV aprile incrocio Via Roma e Piazza <\/span><\/span><span class=\"s12\"><span class=\"bumpedFont20\">Lab\u00f2<\/span><\/span><span class=\"s12\"><span class=\"bumpedFont20\">, \u00e8 vietato:<\/span><\/span><\/p>\n<p class=\"s11\"><span class=\"s12\"><span class=\"bumpedFont20\">- dalle ore 20 del 29 dicembre alle ore 7 del 30 dicembre, dalle ore 20 del 30 dicembre alle ore 7 del 31 dicembre la somministrazione di bevande di qualsiasi genere in contenitori di vetro e\/o metallici all\u2019esterno dei locali di pubblico esercizio e all\u2019esterno dei relativi plateatici.<\/span><\/span><\/p>\n<p class=\"s11\"><span class=\"s12\"><span class=\"bumpedFont20\">- dalle ore 19.30 del 29 dicembre alle ore 7 del 30 dicembre, dalle ore 19.30 del 30 dicembre alle ore 7 del 31 dicembre la vendita di bevande di qualsiasi genere in contenitori di vetro e\/o metallici all\u2019esterno dei locali di pubblico esercizio e all\u2019esterno dei relativi plateatici.<\/span><\/span><\/p>\n<p class=\"s11\"><span class=\"s12\"><span class=\"bumpedFont20\">- dalle ore 20 del 29 dicembre alle ore 7 del 30 dicembre, dalle ore 20 del 30 dicembre alle ore 7 del 31 dicembre la detenzione ed il consumo di bevande di qualsiasi genere in contenitori di vetro e\/o metallici in area pubblica o aperta al pubblico diverse dai locali di pubblico esercizio e dai loro relativi plateatici. E\u2019 consentita la sola detenzione e consumo di bevande esclusivamente contenute in bottiglie\/contenitori di plastica o di cartone.<\/span><\/span><\/p>\n<p><span class=\"s23\"><span class=\"bumpedFont20\">SU TUTTO IL TERRITORIO CITTADINO<\/span><\/span> <span class=\"s12\"><span class=\"bumpedFont20\">sono vietate:<\/span><\/span><\/p>\n<p class=\"s24\"><span class=\"s12\"><span class=\"bumpedFont20\">- dalle ore 19.30 del 31 dicembre alle ore 7.00 del 1 gennaio 2020 la vendita di bevande di qualsiasi genere in co<\/span><\/span><span class=\"s12\"><span class=\"bumpedFont20\">n<\/span><\/span><span class=\"s12\"><span class=\"bumpedFont20\">tenitori di vetro e\/o metallici da parte di qualsiasi attivit\u00e0 commerciale, compresi i circoli privati e i titolari di autori<\/span><\/span><span class=\"s12\"><span class=\"bumpedFont20\">z<\/span><\/span><span class=\"s12\"><span class=\"bumpedFont20\">zazioni commerciali su aree pubbliche o aperte al pubblico, compresa l\u2019area del \u201cPorto Antico\u201d<\/span><\/span><\/p>\n<p class=\"s24\"><span class=\"s12\"><span class=\"bumpedFont20\">- dalle ore 20 del 31 dicembre alle ore 7 del 1 gennaio la somministrazione di bevande di qualsiasi genere in co<\/span><\/span><span class=\"s12\"><span class=\"bumpedFont20\">n<\/span><\/span><span class=\"s12\"><span class=\"bumpedFont20\">tenitori di vetro e\/o metallici all\u2019esterno dei locali di pubblico esercizio e all\u2019esterno dei relativi plateatici;<\/span><\/span><\/p>\n<p class=\"s24\"><span class=\"s12\"><span class=\"bumpedFont20\">- dalle ore 20 del 31 dicembre alle ore 7 del 1 gennaio la detenzione ed il consumo di bevande di qualsiasi genere in contenitori di vetro e\/o metallici in area pubblica o aperta al pubblico diverse dai locali di pubblico esercizio e dai loro relativi plateatici. E\u2019 consentita la sola detenzione e consumo di bevande esclusivamente contenute in bott<\/span><\/span><span class=\"s12\"><span class=\"bumpedFont20\">i<\/span><\/span><span class=\"s12\"><span class=\"bumpedFont20\">glie\/contenitori di plastica o di cartone.<\/span><\/span><\/p>\n<p class=\"s11\"><span class=\"s12\"><span class=\"bumpedFont20\">Su<\/span><\/span><span class=\"s12\"><span class=\"bumpedFont20\"> tutto il territorio cittadino, <\/span><\/span><a name=\"_Hlk28345618\"><\/a><span class=\"s12\"><span class=\"bumpedFont20\">dalle ore 20 del 31 dicembre<\/span><\/span><span class=\"s12\"><span class=\"bumpedFont20\">alle or<\/span><\/span><span class=\"s12\"><span class=\"bumpedFont20\">e 7<\/span><\/span><span class=\"s12\"><span class=\"bumpedFont20\"> del 1 gennaio<\/span><\/span> <span class=\"s12\"><span class=\"bumpedFont20\">\u00e8<\/span><\/span><span class=\"s12\"><span class=\"bumpedFont20\"> consentita la vendita, somministrazione nonch\u00e9 la detenzione e il consumo di bevande, in area pubblica e\/o aperta al pubblico, esclusivamente in contenitori di plastica o di cartone. Tale prescrizione non opera per le pertinenze di pubblici esercizi.<\/span><\/span><\/p>\n<p class=\"s11\"><span class=\"s12\"><span class=\"bumpedFont20\">L\u2019inosservanza del dispositivo della presente ordinanza, fatte salve le sanzioni, anche penali, previste dalla normativa vigente, saranno punite con una sanzione amministrativa da euro 100 ad euro 500. All\u2019atto della contestazione delle violazioni \u00e8 stabilito il sequestro del contenitore di vetro\/metallo detenuto dal trasgressore <\/span><\/span><span class=\"s25\"><span class=\"bumpedFont20\">dopo averlo privato del suo contenuto<\/span><\/span><span class=\"s12\"><span class=\"bumpedFont20\">; \u00e8 fatta salva l\u2019applicazione delle ulteriori sanzioni per le violazioni di speciali disposizioni legislative o regolamentari vigenti.<\/span><\/span><\/p>\n<p class=\"s11\"><span class=\"s12\"><span class=\"bumpedFont20\">Su tutto il territorio comunale, nella notte tra il 31 dicembre ed il 1 gennaio 2020, \u00e8 prevista la sospensione degli effetti limitativi stabiliti con ordinanze sindacali nei confronti delle attivit\u00e0 di somministrazione di cibi e bevande, di quelle di artigianato alimentare nonch\u00e9 dei circoli privati, consentendo pertanto:<\/span><\/span><\/p>\n<p class=\"s11\"><span class=\"s12\"><span class=\"bumpedFont20\">- che le attivit\u00e0 di somministrazione di cibi e bevande nonch\u00e9 quelle artigianali ubicate su tutto il territorio cittadino possano proseguire l\u2019attivit\u00e0 senza limiti temporali;<\/span><\/span><\/p>\n<p class=\"s11\"><span class=\"s12\"><span class=\"bumpedFont20\">- che i circoli privati ubicati su tutto il territorio cittadino possano proseguire la somministrazione di cibi e bevande di qualsiasi natura nonch\u00e9 le attivit\u00e0 rumorose ad essi connesse senza limiti temporali, ferme restando le limitazioni stabilite dai nullaosta acustici ai sensi di legge.<\/span><\/span><\/p>\n<p><span class=\"s13\"><span class=\"bumpedFont20\">\u25ba <\/span><\/span><span class=\"s26\"><span class=\"bumpedFont20\">TUTTI GLI APPUNTAMENTI DEL TRI-CAPODANNO \u00a0 \u00a0<\/span><\/span><span class=\"s26\"><span class=\"bumpedFont20\"><br \/>\n<\/span><\/span><\/p>\n<p class=\"s11\"><span class=\"s12\"><span class=\"bumpedFont20\">Un \u201cingresso\u201d nel 2020 con uno dei pi\u00f9 lunghi party di fine anno di sempre. Il Capodanno di Genova sar\u00e0, infatti, triplicato in altrettante serate con un continuo alternarsi di cantanti, musicisti Dj, <\/span><\/span><span class=\"s12\"><span class=\"bumpedFont20\">youtuber<\/span><\/span><span class=\"s12\"><span class=\"bumpedFont20\"> e rapper.<\/span><\/span><\/p>\n<p><span class=\"s12\"><span class=\"bumpedFont20\">Il tutto sar\u00e0 diretto, animato e condotto da Alberto <\/span><\/span><span class=\"s12\"><span class=\"bumpedFont20\">Pernazza<\/span><\/span><span class=\"s12\"><span class=\"bumpedFont20\">, che molti ricorderanno nel gruppo degli Ex <\/span><\/span><span class=\"s12\"><span class=\"bumpedFont20\">Otago<\/span><\/span><span class=\"s12\"><span class=\"bumpedFont20\">, ora anche opinionista in radio e tv, dopo una lunga esperienza anche come trend-setter, esperto di moda, musica e costume insieme al genovesissimo Giovanni Carrara come DJ <\/span><\/span><span class=\"s12\"><span class=\"bumpedFont20\">resident<\/span><\/span><span class=\"s12\"><span class=\"bumpedFont20\">.<\/span><\/span><\/p>\n<p class=\"s11\"><span class=\"s12\"><span class=\"bumpedFont20\">La tre giorni di \u201cdivertimento no-stop\u201d <\/span><\/span><span class=\"s12\"><span class=\"bumpedFont20\">inizier\u00e0 <\/span><\/span><span class=\"s12\"><span class=\"bumpedFont20\">con i<\/span><\/span><span class=\"s13\"><span class=\"bumpedFont20\">Mates<\/span><\/span><span class=\"s13\"><span class=\"bumpedFont20\">. <\/span><\/span><span class=\"s12\"><span class=\"bumpedFont20\">Si tratta del<\/span><\/span> <span class=\"s12\"><span class=\"bumpedFont20\">gruppo di <\/span><\/span><span class=\"s27\"><span class=\"bumpedFont20\">creator<\/span><\/span><span class=\"s12\"><span class=\"bumpedFont20\"> pi\u00f9 seguito sul web, nato nel 2015 grazie all\u2019incontro di Anima, St3pny, <\/span><\/span><span class=\"s12\"><span class=\"bumpedFont20\">Surry<\/span><\/span><span class=\"s12\"><span class=\"bumpedFont20\">e Vegas, vere e proprie star di internet a cui, nel 2018, si \u00e8 unito <\/span><\/span><span class=\"s12\"><span class=\"bumpedFont20\">Jayden<\/span><\/span><span class=\"s12\"><span class=\"bumpedFont20\">, la mascotte umanoide con le sembianze di un panda, nel ruolo di produttore musicale.<\/span><\/span><\/p>\n<p class=\"s11\"><span class=\"s13\"><span class=\"bumpedFont20\">Alle 22.00<\/span><\/span><span class=\"s12\"><span class=\"bumpedFont20\"> sar\u00e0 il momento della musica di <\/span><\/span><span class=\"s13\"><span class=\"bumpedFont20\">Gabry Ponte<\/span><\/span><span class=\"s12\"><span class=\"bumpedFont20\">, dj di fama mondiale oltre che produttore discografico e conduttore radiofonico, che anima dal 1993, con la sua musica, le discoteche italiane e non solo, scalando le classifiche <\/span><\/span><span class=\"s27\"><span class=\"bumpedFont20\">dance<\/span><\/span><span class=\"s12\"><span class=\"bumpedFont20\"> nazionali e internazionali e vincendo premi prestigiosi nel campo discografico, tra cui diversi dischi di platino. Gabry Ponte ha collaborato e collabora con importanti artisti del panorama musicale: nel 1998 comincia la sua collaborazione con Maurizio <\/span><\/span><span class=\"s12\"><span class=\"bumpedFont20\">Lobina<\/span><\/span><span class=\"s12\"><span class=\"bumpedFont20\"> e Jeffrey <\/span><\/span><span class=\"s12\"><span class=\"bumpedFont20\">Jey<\/span><\/span><span class=\"s12\"><span class=\"bumpedFont20\"> (Gianfranco <\/span><\/span><span class=\"s12\"><span class=\"bumpedFont20\">Randone<\/span><\/span><span class=\"s12\"><span class=\"bumpedFont20\">) con i quali crea gli Eiffel 65, da cui si separer\u00e0 nel 2005. Dagli anni Duemila sono usciti decine di singoli, oltre a una serie di raccolte con remix e tre EP, affermandosi grazie anche la vendita, ogni anno, di milioni di dischi.<\/span><\/span><\/p>\n<p class=\"s11\"><span class=\"s13\"><span class=\"bumpedFont20\">Luned\u00ec 30 dicembre alle 20,<\/span><\/span><span class=\"s12\"><span class=\"bumpedFont20\"> una giornata all\u2019insegna di giovani protagonisti del mondo dello spettacolo come <\/span><\/span><span class=\"s13\"><span class=\"bumpedFont20\">Awed<\/span><\/span><span class=\"s13\"><span class=\"bumpedFont20\"> e i suoi amici, <\/span><\/span><span class=\"s12\"><span class=\"bumpedFont20\">un trio di giovanissimi <\/span><\/span><span class=\"s12\"><span class=\"bumpedFont20\">youtuber<\/span><\/span><span class=\"s12\"><span class=\"bumpedFont20\"> che rispondono ai nomi di <\/span><\/span><span class=\"s13\"><span class=\"bumpedFont20\">Simone Paciello, in arte <\/span><\/span><span class=\"s13\"><span class=\"bumpedFont20\">Awed<\/span><\/span><span class=\"s13\"><span class=\"bumpedFont20\">, <\/span><\/span><span class=\"s12\"><span class=\"bumpedFont20\">youtuber<\/span><\/span><span class=\"s12\"><span class=\"bumpedFont20\">, scrittore e attore italiano; <\/span><\/span><span class=\"s13\"><span class=\"bumpedFont20\">Riccardo Dose<\/span><\/span><span class=\"s12\"><span class=\"bumpedFont20\">, anche lui <\/span><\/span><span class=\"s12\"><span class=\"bumpedFont20\">youtuber<\/span><\/span><span class=\"s12\"><span class=\"bumpedFont20\"> e attore italiano che ha fatto dell\u2019ironia e della parodia i suoi caratteri distintivi; altro componente del gruppo \u00e8 <\/span><\/span><span class=\"s13\"><span class=\"bumpedFont20\">Amedeo Preziosi. <\/span><\/span><\/p>\n<p class=\"s11\"><span class=\"s12\"><span class=\"bumpedFont20\">Il tris di giovani artisti sono tutti particolarmente famosi, amati e seguiti sul web dal pubblico pi\u00f9 giovane: ad esempio <\/span><\/span><span class=\"s12\"><span class=\"bumpedFont20\">Awed<\/span><\/span><span class=\"s12\"><span class=\"bumpedFont20\"> ha un canale che raccoglie<\/span><\/span> <span class=\"s12\"><span class=\"bumpedFont20\">2,2 milioni di iscritti con 588 milioni di visualizzazioni dei suoi video.<\/span><\/span><\/p>\n<p class=\"s11\"><span class=\"s12\"><span class=\"bumpedFont20\">Altro <\/span><\/span><span class=\"s12\"><span class=\"bumpedFont20\">rapper<\/span><\/span><span class=\"s12\"><span class=\"bumpedFont20\">, questa volta genovese, presente sul palco di De Ferrari sar\u00e0 <\/span><\/span><span class=\"s13\"><span class=\"bumpedFont20\">Cromo<\/span><\/span><span class=\"s12\"><span class=\"bumpedFont20\"> al secolo <\/span><\/span><span class=\"s13\"><span class=\"bumpedFont20\">Matteo Cerisola<\/span><\/span><span class=\"s12\"><span class=\"bumpedFont20\">, classe 1998. Ha iniziato quindicenne la sua avventura musicale aspirandosi ai primi rapper americani \u201c<\/span><\/span><span class=\"s12\"><span class=\"bumpedFont20\">old-school<\/span><\/span><span class=\"s12\"><span class=\"bumpedFont20\">\u201d e ha creato uno stile unico e originale che lo ha reso subito riconoscibile. Dopo vari riconoscimenti raccolti nel mondo <\/span><\/span><span class=\"s12\"><span class=\"bumpedFont20\">stream<\/span><\/span><span class=\"s12\"><span class=\"bumpedFont20\">, nel 2018 pubblica il suo album di esordio \u201cOro cromato\u201d coinvolgendo amici e colleghi: Vegan Jones, Young Slash, <\/span><\/span><span class=\"s12\"><span class=\"bumpedFont20\">Vaz<\/span><\/span><span class=\"s12\"><span class=\"bumpedFont20\"> T\u00e8.<\/span><\/span><\/p>\n<p class=\"s11\"><span class=\"s12\"><span class=\"bumpedFont20\">La serata prosegue<\/span><\/span><span class=\"s13\"><span class=\"bumpedFont20\">, alle 22.00, <\/span><\/span><span class=\"s12\"><span class=\"bumpedFont20\">con i <\/span><\/span><span class=\"s13\"><span class=\"bumpedFont20\">Boomdabash<\/span><\/span><span class=\"s13\"><span class=\"bumpedFont20\">, <\/span><\/span><span class=\"s12\"><span class=\"bumpedFont20\">gruppo rap pugliese (il cui nome viene da boom da <\/span><\/span><span class=\"s12\"><span class=\"bumpedFont20\">bash<\/span><\/span><span class=\"s12\"><span class=\"bumpedFont20\">, \"esplodi il colpo\") attivo gi\u00e0 dal 2002 nel panorama musicale<\/span><\/span> <span class=\"s12\"><span class=\"bumpedFont20\">italiano. Negli anni i <\/span><\/span><span class=\"s12\"><span class=\"bumpedFont20\">Boomdabash<\/span><\/span><span class=\"s12\"><span class=\"bumpedFont20\"> possono vantare prestigiose partecipazioni ai migliori festival reggae d'Europa e d'Italia, tra cui si ricorda il <\/span><\/span><span class=\"s12\"><span class=\"bumpedFont20\">Rototom<\/span><\/span><span class=\"s12\"><span class=\"bumpedFont20\">Sunsplash<\/span><\/span><span class=\"s12\"><span class=\"bumpedFont20\"> e l'Arezzo <\/span><\/span><span class=\"s12\"><span class=\"bumpedFont20\">Wave<\/span><\/span><span class=\"s12\"><span class=\"bumpedFont20\"> e l\u2019MTV New Generation Contest. Grazie a numerose collaborazioni con altri artisti come <\/span><\/span><span class=\"s12\"><span class=\"bumpedFont20\">Fedez<\/span><\/span><span class=\"s12\"><span class=\"bumpedFont20\">, <\/span><\/span><span class=\"s12\"><span class=\"bumpedFont20\">Bluebeaters<\/span><\/span><span class=\"s12\"><span class=\"bumpedFont20\">, Alessandra Amoroso, J-<\/span><\/span><span class=\"s12\"><span class=\"bumpedFont20\">Ax<\/span><\/span><span class=\"s12\"><span class=\"bumpedFont20\">, Sud Sound System,<\/span><\/span> <span class=\"s12\"><span class=\"bumpedFont20\">Alborosie<\/span><\/span><span class=\"s12\"><span class=\"bumpedFont20\"> e Gentleman continuano ad affermarsi nel panorama artistico italiano. <\/span><\/span><\/p>\n<p class=\"s11\"><span class=\"s12\"><span class=\"bumpedFont20\">Ricordiamo nel 2018 \u201cBarracuda\u201d, con un <\/span><\/span><span class=\"s27\"><span class=\"bumpedFont20\">featuring<\/span><\/span> <span class=\"s12\"><span class=\"bumpedFont20\">Fabri<\/span><\/span><span class=\"s12\"><span class=\"bumpedFont20\">Fibra e Jake La Furia e \u201cNon ti dico no\u201d, con Loredana <\/span><\/span><span class=\"s12\"><span class=\"bumpedFont20\">Bert\u00e9<\/span><\/span><span class=\"s12\"><span class=\"bumpedFont20\"> e infine nel 2019, la band ha partecipato al Festival di Sanremo con la canzone \"Per un milione\".<\/span><\/span><\/p>\n<p><span class=\"s12\"><span class=\"bumpedFont20\">Nella sera di san Silvestro, <\/span><\/span><span class=\"s13\"><span class=\"bumpedFont20\">marted\u00ec 31 dicembre<\/span><\/span><span class=\"s12\"><span class=\"bumpedFont20\">, l\u2019appuntamento della lunga notte di Capodanno, <\/span><\/span><span class=\"s12\"><span class=\"bumpedFont20\">comincia <\/span><\/span><span class=\"s13\"><span class=\"bumpedFont20\">alle 21.30,<\/span><\/span> <span class=\"s12\"><span class=\"bumpedFont20\">con <\/span><\/span><span class=\"s12\"><span class=\"bumpedFont20\">il<\/span><\/span><span class=\"s12\"><span class=\"bumpedFont20\">l<\/span><\/span><span class=\"s12\"><span class=\"bumpedFont20\"> rapper<\/span><\/span> <span class=\"s13\"><span class=\"bumpedFont20\">Tedua<\/span><\/span> <span class=\"s12\"><span class=\"bumpedFont20\">\u2013 <\/span><\/span><span class=\"s27\"><span class=\"bumpedFont20\">vulgo<\/span><\/span> <span class=\"s13\"><span class=\"bumpedFont20\">Mario Molinari<\/span><\/span><span class=\"s12\"><span class=\"bumpedFont20\">- nato nel 1994 a Cogoleto e cresciuto a Milano. Attivo dal 2014 dopo aver pubblicato in free download le sue canzoni, \u00e8 del 2017 il suo primo progetto discografico distribuito da una major, nel 2018 l'album \u201cMowgli \u2013 il disco della Giungla\u201d \u00e8 primo nella classifica di vendita.<\/span><\/span><\/p>\n<p class=\"s11\"><span class=\"s12\"><span class=\"bumpedFont20\">Lo show di <\/span><\/span><span class=\"s12\"><span class=\"bumpedFont20\">Tedua<\/span><\/span><span class=\"s12\"><span class=\"bumpedFont20\">, precede la vera punta di diamante della serata, con<\/span><\/span> <span class=\"s30\"><span class=\"bumpedFont20\">la festa che entrer\u00e0 nel vivo alle 22.30 con un\u2019artista del calibro di Giusy Ferreri che ha bisogno di poche presentazioni<\/span><\/span><span class=\"s29\"><span class=\"bumpedFont20\">.<\/span><\/span><\/p>\n<p class=\"s11\"><span class=\"s29\"><span class=\"bumpedFont20\">L\u2019artista di origine palermitana \u00e8 stata <\/span><\/span><span class=\"s12\"><span class=\"bumpedFont20\">protagonista nel 2008 della I edizione del talent show italiano \u201cX <\/span><\/span><span class=\"s12\"><span class=\"bumpedFont20\">Factor<\/span><\/span><span class=\"s12\"><span class=\"bumpedFont20\">\u201d, questa esperienza le ha permesso di affermarsi in campo discografico con diversi EP e a partecipare a tre edizioni del Festival di Sanremo nel 2011, 2014 e 2017 rispettivamente con <\/span><\/span><span class=\"s27\"><span class=\"bumpedFont20\">Il mare immenso, Ti porto a cena con me e Fa talmente male.<\/span><\/span><\/p>\n<p class=\"s11\"><span class=\"s12\"><span class=\"bumpedFont20\">Nel 2015 la canzone \"Roma-Bangkok\", in cui Giusy Ferreri duetta con Baby K, si afferma come tormentone dell'estate, cosa che si \u00e8 ripetuta nel 2018, quando vince insieme a <\/span><\/span><span class=\"s12\"><span class=\"bumpedFont20\">Takagi<\/span><\/span><span class=\"s12\"><span class=\"bumpedFont20\"> &amp; <\/span><\/span><span class=\"s12\"><span class=\"bumpedFont20\">Ketra<\/span><\/span><span class=\"s12\"><span class=\"bumpedFont20\">, il Wind <\/span><\/span><span class=\"s12\"><span class=\"bumpedFont20\">Summer<\/span><\/span><span class=\"s12\"><span class=\"bumpedFont20\"> Festival 2018 con <\/span><\/span><span class=\"s27\"><span class=\"bumpedFont20\">Amore e capoeira<\/span><\/span><span class=\"s12\"><span class=\"bumpedFont20\">.<\/span><\/span><\/p>\n<p class=\"s11\"><span class=\"s12\"><span class=\"bumpedFont20\">Durante tutte le tre serate, nell\u2019intervallo degli spettacoli, saranno trasmesse sugli schermi del palco alcune \u201cpietre miliari\u201d della storia del rock a cominciare, domenica 29, dal concerto di Woodstock del 1969, a seguire, luned\u00ec 30, il <\/span><\/span><span class=\"s12\"><span class=\"bumpedFont20\">film del 1971 dei Pink Floyd a Pompei e infine, marted\u00ec 31 dicembre, il concerto del 2016 dei <\/span><\/span><span class=\"s12\"><span class=\"bumpedFont20\">Rolling<\/span><\/span> <span class=\"s12\"><span class=\"bumpedFont20\">Stones<\/span><\/span><span class=\"s12\"><span class=\"bumpedFont20\"> a Cuba. <\/span><\/span><\/p>\n<p><span class=\"s13\"><span class=\"bumpedFont20\">\u25ba <\/span><\/span><span class=\"s26\"><span class=\"bumpedFont20\">GLI ALTRI APPUNTAMENTI DELLA SERA DI SAN SILVESTRO<\/span><\/span><\/p>\n<p class=\"s11\"><span class=\"s13\"><span class=\"bumpedFont20\">STRADA NUOVA<\/span><\/span><\/p>\n<p class=\"s11\"><span class=\"s12\"><span class=\"bumpedFont20\">Via Garibaldi, i palazzi dei Rolli, il museo di palazzo Bianco e palazzo Tursi presentano un programma vario e interessante.<\/span><\/span><\/p>\n<p class=\"s11\"><span class=\"s12\"><span class=\"bumpedFont20\">La notte di Capodanno pu\u00f2 iniziare dall\u2019atrio del museo di palazzo Bianco, con \u201cPinocchio al museo\u201d, un <\/span><\/span><span class=\"s27\"><span class=\"bumpedFont20\">adventure<\/span><\/span><span class=\"s27\"><span class=\"bumpedFont20\"> game<\/span><\/span><span class=\"s12\"><span class=\"bumpedFont20\"> a met\u00e0 tra il videogioco e la caccia al tesoro. Serve circa un\u2019ora di tempo e uno <\/span><\/span><span class=\"s12\"><span class=\"bumpedFont20\">smartphone<\/span><\/span><span class=\"s12\"><span class=\"bumpedFont20\">per trovare i QR Code nascosti, risolvere gli enigmi disseminati nei palazzi ed effettuare scelte che modificheranno la storia di Collodi. Sar\u00e0 un nuovo modo per vivere il museo, le partenze sono tre: alle 20.30; 22.00; 0.15.<\/span><\/span><\/p>\n<p class=\"s11\"><span class=\"s12\"><span class=\"bumpedFont20\">Info: Bookshop Musei di Strada Nuova 010 2759185 Prenotazioni: <\/span><\/span><span class=\"s31\"><span class=\"bumpedFont20\"><a href=\"http:\/\/www.happyticket.it\/\">www.happyticket.it<\/a><\/span><\/span><\/p>\n<p class=\"s11\"><span class=\"s12\"><span class=\"bumpedFont20\">Nel quadro delle aperture straordinarie dei Palazzi dei Rolli per la notte di Capodanno aprir\u00e0 anche quest\u2019anno il palazzo Tobia Pallavicino, sede cinquecentesca della Camera di Commercio di Genova, in via Garibaldi 4. Dalle 21 all\u2019una saranno aperti e visitabili liberamente l\u2019atrio e il piano nobile, con la straordinaria bellezza della Sala Dorata con i celebri specchi, gli stucchi dorati e gli affreschi di Lorenzo De Ferrari.<\/span><\/span><\/p>\n<p class=\"s11\"><span class=\"s12\"><span class=\"bumpedFont20\">Anche palazzo <\/span><\/span><span class=\"s12\"><span class=\"bumpedFont20\">Nicolosio<\/span><\/span><span class=\"s12\"><span class=\"bumpedFont20\"> Lomellino, gioiello di propriet\u00e0 privata di via Garibaldi 7, propone una giornata speciale per Capodanno alla scoperta di Bernardo Strozzi. Marted\u00ec 31 dicembre, dalle 10 alle 18 e dalle 21 all\u2019una sar\u00e0 possibile scoprire le opere e la carriera del prete genovese a cui \u00e8 dedicata la mostra monografica \u201cBernardo Strozzi (1582-1644). La conquista del colore\u201d festeggiando l\u2019inizio del 2020 con un brindisi speciale. La mostra, con oltre quaranta opere, presenta anche circa 15 opere mai esposte e cinque inediti assoluti.<\/span><\/span><\/p>\n<p class=\"s11\"><span class=\"s12\"><span class=\"bumpedFont20\">Per info e prenotazioni: 010 0983860 (orario lavorativo) \u2013 <\/span><\/span><span class=\"s12\"><span class=\"bumpedFont20\">cell<\/span><\/span><span class=\"s12\"><span class=\"bumpedFont20\">. 3938246228 (prefestivi\/festivi). <\/span><\/span><span class=\"s31\"><span class=\"bumpedFont20\"><a href=\"http:\/\/www.palazzolomellino.org\/\">www.palazzolomellino.org<\/a><\/span><\/span><\/p>\n<p class=\"s11\"><span class=\"s12\"><span class=\"bumpedFont20\">In pi\u00f9 dalle ore 22 la via, gli atri dei palazzi e di Tursi saranno animati dalla \u201cTanto <\/span><\/span><span class=\"s12\"><span class=\"bumpedFont20\">Grass<\/span><\/span><span class=\"s12\"><span class=\"bumpedFont20\"> Gang Band\u201d, che proporr\u00e0 cadenze jazz, pop e funk coinvolgendo il pubblico nella musica e nel ballo.<\/span><\/span><\/p>\n<p class=\"s11\"><span class=\"s12\"><span class=\"bumpedFont20\">Dalle ore 23,30 brindisi e un benvenuto al 2020 nel cortile di palazzo Tursi e dopo la mezzanotte ancora musica sulle note del violino <\/span><\/span><span class=\"s12\"><span class=\"bumpedFont20\">Vuillaume<\/span><\/span><span class=\"s12\"><span class=\"bumpedFont20\"> (liutaio prediletto da Paganini) di Andrea Cardinale, della chitarra Ramirez (appartenuta a <\/span><\/span><span class=\"s12\"><span class=\"bumpedFont20\">Andres<\/span><\/span><span class=\"s12\"><span class=\"bumpedFont20\"> Segovia) di <\/span><\/span><span class=\"s12\"><span class=\"bumpedFont20\">Jos\u00e8<\/span><\/span> <span class=\"s12\"><span class=\"bumpedFont20\">Scanu<\/span><\/span><span class=\"s12\"><span class=\"bumpedFont20\"> e del flauto di Gaia <\/span><\/span><span class=\"s12\"><span class=\"bumpedFont20\">Godani<\/span><\/span><span class=\"s12\"><span class=\"bumpedFont20\"> per ascoltare celebri brani di Nicol\u00f2 Paganini e Gioachino Rossini arrivando al '900 con il tango classico e di Piazzolla con un occhio alla musica del cinema e un omaggio alla canzone classica e non solo.<\/span><\/span><\/p>\n<p class=\"s11\"><span class=\"s13\"><span class=\"bumpedFont20\">PORTO ANTICO<\/span><\/span><\/p>\n<p class=\"s11\"><span class=\"s12\"><span class=\"bumpedFont20\">La piazza delle Feste con vista sul Porto Antico si aprir\u00e0 alle 22.00 (ingresso libero) a Calata Falcone Borsellino con l\u2018orchestra di Fiati della Citt\u00e0 di Cinquefrondi e i suoi 50 elementi propongono un repertorio musicale di alta qualit\u00e0 che spazia dai brani classici di Gioachino Rossini, Giuseppe Verdi e Giacomo Puccini fino ad arrivare a Enrico Morricone, Nicola Piovani e Leonard Cohen. La serata sar\u00e0 presentata da <\/span><\/span><span class=\"s12\"><span class=\"bumpedFont20\">Max<\/span><\/span> <span class=\"s12\"><span class=\"bumpedFont20\">Repetto<\/span><\/span><span class=\"s12\"><span class=\"bumpedFont20\"> con la partecipazione straordinaria di Andrea Carlini. Dopo il brindisi di mezzanotte il divertimento prosegue fino all\u2019alba con uno scatenato DJ SET.<\/span><\/span><\/p>\n<p class=\"s11\"><span class=\"s12\"><span class=\"bumpedFont20\">A piazzale <\/span><\/span><span class=\"s12\"><span class=\"bumpedFont20\">Mandraccio<\/span><\/span><span class=\"s12\"><span class=\"bumpedFont20\"> si potranno trovare gli artisti della XIX edizione di \u201cCircumnavigando - Festival Internazionale Circo Teatro - <\/span><\/span><span class=\"s12\"><span class=\"bumpedFont20\">Fool<\/span><\/span><span class=\"s12\"><span class=\"bumpedFont20\"> Immersion\u201d sotto il tendone da circo dalle ore 22 uno spettacolo unico fatto di acrobazie, teatro, danza e musica insieme alla Compagnia My Laika\/Side <\/span><\/span><span class=\"s12\"><span class=\"bumpedFont20\">Kunst<\/span><\/span> <span class=\"s12\"><span class=\"bumpedFont20\">Cirque<\/span><\/span><span class=\"s12\"><span class=\"bumpedFont20\"> (ingresso a pagamento). \u00a0<\/span><\/span><\/p>\n<p class=\"s11\"><span class=\"s12\"><span class=\"bumpedFont20\">Anche per pi\u00f9 piccoli e le loro famiglie \u201cLa citt\u00e0 dei bambini e dei ragazzi\u201d nei Magazzini del Cotone dalle 21 rester\u00e0 aperta tutta la sera con un programma di giochi, laboratori e animazioni speciali: uno stravagante scienziato accompagner\u00e0 i bambini alla scoperta dei cambiamenti climatici e del sempre pi\u00f9 delicato equilibrio dell\u2019ecosistema, mentre giocolieri ed equilibristi daranno il benvenuto ai partecipanti alla serata e introdurranno al colorato e festoso <\/span><\/span><span class=\"s12\"><span class=\"bumpedFont20\">Circobus<\/span><\/span><span class=\"s12\"><span class=\"bumpedFont20\">. (Ingresso a pagamento).<\/span><\/span><\/p>\n<p class=\"s11\"><span class=\"s12\"><span class=\"bumpedFont20\">Non si pu\u00f2 trascurare poi \u201cSAN SILVESTRO SUL GHIACCIO\u201d la pista di pattinaggio sar\u00e0 aperta (ingresso a pagamento) dalle 22 alle 5 del 1 gennaio. Un Capodanno con tanta musica, luci e brindisi a mezzanotte.<\/span><\/span><\/p>\n<p class=\"s11\"><span class=\"s13\"><span class=\"bumpedFont20\">PALAZZO DUCALE<\/span><\/span><\/p>\n<p class=\"s11\"><span class=\"s12\"><span class=\"bumpedFont20\">Cultura, cena di gala e tante sorprese tra brindisi e festeggiamenti in uno dei cuori pulsanti del turismo cittadino. Palazzo Ducale si apre alla citt\u00e0 e le sue mostre saranno visitabili fino 2 per festeggiare l\u2019ultima notte dell\u2019anno all\u2019insegna dell\u2019arte e della bellezza.<\/span><\/span><\/p>\n<p class=\"s11\"><span class=\"s12\"><span class=\"bumpedFont20\">In pi\u00f9 \u201cAspettando gli Anni Venti\u201d esattamente un secolo dopo, un cenone in stile e con l\u2019accompagnamento della Genova Swing Band e naturalmente la mostra \u201cAnni Venti in Italia\u201d.<\/span><\/span><\/p>\n<p class=\"s11\"><span class=\"s12\"><span class=\"bumpedFont20\">E\u2019 prevista anche l\u2019accoppiata visita alla mostra \u201cAnni Venti in Italia\u201d e brindisi di mezzanotte con spumante, panettone e mandarini nel Loggiato del Cortile Maggiore di Palazzo Ducale.<\/span><\/span><\/p>\n<p><span class=\"s31\"><span class=\"bumpedFont20\"><a href=\"https:\/\/www.happyticket.it\/genova\/acquista-prodotti\/366-aspettando-gli-anni-20.htm\">https:\/\/www.happyticket.it\/genova\/acquista-prodotti\/366-aspettando-gli-anni-20.htm<\/a><\/span><\/span><\/p>\n<p class=\"s11\"><span class=\"s12\"><span class=\"bumpedFont20\">Anche per gli appassionati di Hitchcock e <\/span><\/span><span class=\"s12\"><span class=\"bumpedFont20\">Banksy<\/span><\/span><span class=\"s12\"><span class=\"bumpedFont20\"> ci sono varie possibilit\u00e0, per chi vuole trascorrere un Capodanno originale all\u2019insegna dell\u2019arte: la serata si snoder\u00e0 tra Buffet &amp; Drink nella sala del Fondaco di Palazzo Ducale e le mostre \u201cIl secondo principio di un artista chiamato <\/span><\/span><span class=\"s12\"><span class=\"bumpedFont20\">Banksy<\/span><\/span><span class=\"s12\"><span class=\"bumpedFont20\">\u201d e \u201cAlfred Hitchcock nei film della Universal <\/span><\/span><span class=\"s12\"><span class=\"bumpedFont20\">Pictures<\/span><\/span><span class=\"s12\"><span class=\"bumpedFont20\">\u201d. Una serata esclusiva, con locale dedicato, buffet e brindisi di mezzanotte oppure spumante, panettone e mandarini sempre nel Loggiato del Cortile Maggiore di Palazzo Ducale.<\/span><\/span><\/p>\n<p><a href=\"https:\/\/www.happyticket.it\/genova\/acquista-prodotti\/364-capodanno-pop-palazzo-ducale.htm\"><span class=\"s31\"><span class=\"bumpedFont20\">https:\/\/www.happyticket.it\/genova\/acquista-prodotti\/364-capodanno-pop-palazzo-ducale.htm<\/span><\/span><\/a><\/p>\n<p class=\"s11\"><span class=\"s13\"><span class=\"bumpedFont20\">Ricordiamo che ogni aggiornamento del programma di tutte le manifestazioni legate al Capodanno saranno sul sito visitgenoa.it<\/span><\/span><\/p>\n ","protected":false},"excerpt":{"rendered":"Comunicato stampa del Comune di Genova\u00a0 Una lunga festa che occuper\u00e0 le serate dei genovesi, dei turisti e degli ospiti della nostra citt\u00e0, dal 29 al 31 dicembre, con tre notti di musica declinata per tutti i gustie un continuo alternarsi di cantanti, musicisti Dj, youtubere rapper. Grazie al sostegno di Salini Impregilo, Iren ed Esselunga Genova potr\u00e0 proporre ai&nbsp;<a href=\"https:\/\/www.amt.genova.it\/amt\/tri-capodanno-le-disposizioni-del-comune-in-tema-di-viabilita-e-sicurezza\/\" class=\"read-more\">Continue Reading<\/a>","protected":false},"author":2,"featured_media":21784,"comment_status":"closed","ping_status":"open","sticky":false,"template":"","format":"standard","meta":{"footnotes":""},"categories":[4],"tags":[],"class_list":["post-21792","post","type-post","status-publish","format-standard","has-post-thumbnail","hentry","category-notizie","cat-4-id"],"_links":{"self":[{"href":"https:\/\/www.amt.genova.it\/amt\/wp-json\/wp\/v2\/posts\/21792","targetHints":{"allow":["GET"]}}],"collection":[{"href":"https:\/\/www.amt.genova.it\/amt\/wp-json\/wp\/v2\/posts"}],"about":[{"href":"https:\/\/www.amt.genova.it\/amt\/wp-json\/wp\/v2\/types\/post"}],"author":[{"embeddable":true,"href":"https:\/\/www.amt.genova.it\/amt\/wp-json\/wp\/v2\/users\/2"}],"replies":[{"embeddable":true,"href":"https:\/\/www.amt.genova.it\/amt\/wp-json\/wp\/v2\/comments?post=21792"}],"version-history":[{"count":4,"href":"https:\/\/www.amt.genova.it\/amt\/wp-json\/wp\/v2\/posts\/21792\/revisions"}],"predecessor-version":[{"id":21814,"href":"https:\/\/www.amt.genova.it\/amt\/wp-json\/wp\/v2\/posts\/21792\/revisions\/21814"}],"wp:featuredmedia":[{"embeddable":true,"href":"https:\/\/www.amt.genova.it\/amt\/wp-json\/wp\/v2\/media\/21784"}],"wp:attachment":[{"href":"https:\/\/www.amt.genova.it\/amt\/wp-json\/wp\/v2\/media?parent=21792"}],"wp:term":[{"taxonomy":"category","embeddable":true,"href":"https:\/\/www.amt.genova.it\/amt\/wp-json\/wp\/v2\/categories?post=21792"},{"taxonomy":"post_tag","embeddable":true,"href":"https:\/\/www.amt.genova.it\/amt\/wp-json\/wp\/v2\/tags?post=21792"}],"curies":[{"name":"wp","href":"https:\/\/api.w.org\/{rel}","templated":true}]}}