{"id":21754,"date":"2019-12-19T17:48:24","date_gmt":"2019-12-19T16:48:24","guid":{"rendered":"https:\/\/www.amt.genova.it\/amt\/?p=21754"},"modified":"2019-12-21T23:32:17","modified_gmt":"2019-12-21T22:32:17","slug":"allerta-rossa-venerdi-20-dicembre-le-variazioni-al-servizio-amt","status":"publish","type":"post","link":"https:\/\/www.amt.genova.it\/amt\/allerta-rossa-venerdi-20-dicembre-le-variazioni-al-servizio-amt\/","title":{"rendered":"Allerta rossa venerd\u00ec 20 dicembre: le variazioni al servizio AMT"},"content":{"rendered":"<p>Il servizio AMT durante gli stati di <strong>allerta meteo rossa e arancione<\/strong> emessi da Regione Liguria osserver\u00e0 le seguenti disposizioni.<\/p>\n<p><strong>Durante lo stato di ALLERTA ROSSA<\/strong>\u00a0emesso dalla Regione Liguria <strong>dalle ore 8.00 alle ore 20.59 di venerd\u00ec 20 dicembre:<\/strong><\/p>\n<ul>\n<li>la <strong>metro<\/strong> effettuer\u00e0 servizio sulla tratta Brin - De Ferrari, rester\u00e0 <strong>chiusa<\/strong> per tutta la durata dell'allerta rossa la <strong>stazione metro di Brignole e la biglietteria AMT al suo interno.<\/strong><\/li>\n<li>saranno <strong>chiusi<\/strong> <strong>gli ascensori del sottopasso ferroviario di Sestri Ponente<\/strong> in via Puccini e l'ascensore di <strong>Quezzi<\/strong>;<\/li>\n<li>saranno <strong>sospesi il servizio Mobilitybus e Navebus<\/strong>;<\/li>\n<li>la <strong>Ferrovia Genova Casella rester\u00e0 chiusa. <\/strong>Contestualmente alle chiusure della ferrovia e compatibilmente con le condizioni della viabilit\u00e0 stradale, verr\u00e0 istituito il servizio bus sostitutivo che effettuer\u00e0 le corse con lo stesso orario del trenino; il bus sostitutivo partir\u00e0 da Genova piazza Manin e dalla stazione di Casella.<\/li>\n<\/ul>\n<p>Durante lo stato di <strong>ALLERTA ARANCIONE<\/strong>\u00a0emesso dalla Regione Liguria\u00a0 <strong>dalle ore 21.00 alle ore 23.59 di venerd\u00ec 20 dicembre:<\/strong><\/p>\n<ul>\n<li>la <strong>metropolitana<\/strong> sar\u00e0\u00a0in servizio sull'intera tratta Brin - Brignole; resteranno chiusi i due accessi della stazione metro di Brignole di via Canevari, gli ascensori all'interno della stazione zona Canevari e gli ascensori da piazza Raggi a corso Montegrappa. La stazione metro di Brignole sar\u00e0 accessibile da piazza Raggi e da Verdi dai normali accessi;<\/li>\n<li>saranno <strong>chiusi gli ascensori del sottopasso ferroviario di Sestri Ponente<\/strong> in via Puccini e l'ascensore di <strong>Quezzi<\/strong><\/li>\n<\/ul>\n<p>Dalla giornata di domani sar\u00e0 attivo un servizio bus navetta per il collegamento tra corso Perrone e via Renata Bianchi.<\/p>\n ","protected":false},"excerpt":{"rendered":"Il servizio AMT durante gli stati di allerta meteo rossa e arancione emessi da Regione Liguria osserver\u00e0 le seguenti disposizioni. Durante lo stato di ALLERTA ROSSA\u00a0emesso dalla Regione Liguria dalle ore 8.00 alle ore 20.59 di venerd\u00ec 20 dicembre: la metro effettuer\u00e0 servizio sulla tratta Brin - De Ferrari, rester\u00e0 chiusa per tutta la durata dell'allerta rossa la stazione metro&nbsp;<a href=\"https:\/\/www.amt.genova.it\/amt\/allerta-rossa-venerdi-20-dicembre-le-variazioni-al-servizio-amt\/\" class=\"read-more\">Continue Reading<\/a>","protected":false},"author":2,"featured_media":9566,"comment_status":"closed","ping_status":"open","sticky":false,"template":"","format":"standard","meta":{"footnotes":""},"categories":[1],"tags":[],"class_list":["post-21754","post","type-post","status-publish","format-standard","has-post-thumbnail","hentry","category-senza-categoria","cat-1-id"],"_links":{"self":[{"href":"https:\/\/www.amt.genova.it\/amt\/wp-json\/wp\/v2\/posts\/21754","targetHints":{"allow":["GET"]}}],"collection":[{"href":"https:\/\/www.amt.genova.it\/amt\/wp-json\/wp\/v2\/posts"}],"about":[{"href":"https:\/\/www.amt.genova.it\/amt\/wp-json\/wp\/v2\/types\/post"}],"author":[{"embeddable":true,"href":"https:\/\/www.amt.genova.it\/amt\/wp-json\/wp\/v2\/users\/2"}],"replies":[{"embeddable":true,"href":"https:\/\/www.amt.genova.it\/amt\/wp-json\/wp\/v2\/comments?post=21754"}],"version-history":[{"count":4,"href":"https:\/\/www.amt.genova.it\/amt\/wp-json\/wp\/v2\/posts\/21754\/revisions"}],"predecessor-version":[{"id":21762,"href":"https:\/\/www.amt.genova.it\/amt\/wp-json\/wp\/v2\/posts\/21754\/revisions\/21762"}],"wp:featuredmedia":[{"embeddable":true,"href":"https:\/\/www.amt.genova.it\/amt\/wp-json\/wp\/v2\/media\/9566"}],"wp:attachment":[{"href":"https:\/\/www.amt.genova.it\/amt\/wp-json\/wp\/v2\/media?parent=21754"}],"wp:term":[{"taxonomy":"category","embeddable":true,"href":"https:\/\/www.amt.genova.it\/amt\/wp-json\/wp\/v2\/categories?post=21754"},{"taxonomy":"post_tag","embeddable":true,"href":"https:\/\/www.amt.genova.it\/amt\/wp-json\/wp\/v2\/tags?post=21754"}],"curies":[{"name":"wp","href":"https:\/\/api.w.org\/{rel}","templated":true}]}}