{"id":20312,"date":"2019-08-02T14:28:07","date_gmt":"2019-08-02T12:28:07","guid":{"rendered":"https:\/\/www.amt.genova.it\/amt\/?p=20312"},"modified":"2019-08-02T15:55:05","modified_gmt":"2019-08-02T13:55:05","slug":"ferrovia-genova-casella-variazioni-al-servizio-dal-7-al-9-agosto","status":"publish","type":"post","link":"https:\/\/www.amt.genova.it\/amt\/ferrovia-genova-casella-variazioni-al-servizio-dal-7-al-9-agosto\/","title":{"rendered":"Ferrovia Genova &#8211; Casella  variazioni al servizio dal 7 al 9 agosto"},"content":{"rendered":"<p>Si informa che, per consentire lo svolgimento di lavori alla sede ferroviaria, <strong>nelle giornate di mercoled\u00ec 7, gioved\u00ec 8 e venerd\u00ec 9 agosto, <\/strong>il servizio della ferrovia Genova - Casella verr\u00e0 svolto in parte con il bus sostitutivo, con il dettaglio di seguito indicato.<\/p>\n<p><strong>Verranno regolarmente effettuate con il treno le corse:<\/strong><\/p>\n<ul>\n<li><strong>da Casella<\/strong> per Genova piazza Manin delle ore 6.20, 16.35, 18.05, 19.16;<\/li>\n<li><strong>da Genova<\/strong> piazza Manin per Casella delle ore 7.38, 16.46, 18.00, 19.35.<\/li>\n<\/ul>\n<p><strong>Verranno effettuate con il bus sostitutivo le corse:<\/strong><\/p>\n<ul>\n<li><strong>da Casella<\/strong> per Genova piazza Manin delle ore 7.27, 8.50, 10.35, 13.15, 14.52;<\/li>\n<li><strong>da Genova<\/strong> piazza Manin per Casella delle ore 9.01, 10.30, 12.08, 13.26, 14.24.<\/li>\n<\/ul>\n<p>&nbsp;<\/p>\n ","protected":false},"excerpt":{"rendered":"Si informa che, per consentire lo svolgimento di lavori alla sede ferroviaria, nelle giornate di mercoled\u00ec 7, gioved\u00ec 8 e venerd\u00ec 9 agosto, il servizio della ferrovia Genova - Casella verr\u00e0 svolto in parte con il bus sostitutivo, con il dettaglio di seguito indicato. Verranno regolarmente effettuate con il treno le corse: da Casella per Genova piazza Manin delle ore&nbsp;<a href=\"https:\/\/www.amt.genova.it\/amt\/ferrovia-genova-casella-variazioni-al-servizio-dal-7-al-9-agosto\/\" class=\"read-more\">Continue Reading<\/a>","protected":false},"author":2,"featured_media":8395,"comment_status":"closed","ping_status":"open","sticky":false,"template":"","format":"standard","meta":{"footnotes":""},"categories":[56,4],"tags":[],"class_list":["post-20312","post","type-post","status-publish","format-standard","has-post-thumbnail","hentry","category-homepage","category-notizie","cat-56-id","cat-4-id"],"_links":{"self":[{"href":"https:\/\/www.amt.genova.it\/amt\/wp-json\/wp\/v2\/posts\/20312","targetHints":{"allow":["GET"]}}],"collection":[{"href":"https:\/\/www.amt.genova.it\/amt\/wp-json\/wp\/v2\/posts"}],"about":[{"href":"https:\/\/www.amt.genova.it\/amt\/wp-json\/wp\/v2\/types\/post"}],"author":[{"embeddable":true,"href":"https:\/\/www.amt.genova.it\/amt\/wp-json\/wp\/v2\/users\/2"}],"replies":[{"embeddable":true,"href":"https:\/\/www.amt.genova.it\/amt\/wp-json\/wp\/v2\/comments?post=20312"}],"version-history":[{"count":2,"href":"https:\/\/www.amt.genova.it\/amt\/wp-json\/wp\/v2\/posts\/20312\/revisions"}],"predecessor-version":[{"id":20319,"href":"https:\/\/www.amt.genova.it\/amt\/wp-json\/wp\/v2\/posts\/20312\/revisions\/20319"}],"wp:featuredmedia":[{"embeddable":true,"href":"https:\/\/www.amt.genova.it\/amt\/wp-json\/wp\/v2\/media\/8395"}],"wp:attachment":[{"href":"https:\/\/www.amt.genova.it\/amt\/wp-json\/wp\/v2\/media?parent=20312"}],"wp:term":[{"taxonomy":"category","embeddable":true,"href":"https:\/\/www.amt.genova.it\/amt\/wp-json\/wp\/v2\/categories?post=20312"},{"taxonomy":"post_tag","embeddable":true,"href":"https:\/\/www.amt.genova.it\/amt\/wp-json\/wp\/v2\/tags?post=20312"}],"curies":[{"name":"wp","href":"https:\/\/api.w.org\/{rel}","templated":true}]}}