{"id":18961,"date":"2019-03-19T16:29:26","date_gmt":"2019-03-19T15:29:26","guid":{"rendered":"https:\/\/www.amt.genova.it\/amt\/?p=18961"},"modified":"2019-03-19T16:49:45","modified_gmt":"2019-03-19T15:49:45","slug":"gli-albergatori-potranno-vendere-titoli-di-viaggio-amt-ai-turisti","status":"publish","type":"post","link":"https:\/\/www.amt.genova.it\/amt\/gli-albergatori-potranno-vendere-titoli-di-viaggio-amt-ai-turisti\/","title":{"rendered":"Gli albergatori potranno vendere titoli di viaggio AMT ai turisti"},"content":{"rendered":"<p style=\"margin: 0cm; margin-bottom: .0001pt; text-align: justify; background: white;\"><span style=\"font-family: 'Arial',sans-serif; color: black;\">Siglato marted\u00ec 19 marzo, nel Salone di Rappresentanza di Palazzo Tursi,\u00a0un accordo di collaborazione tra l'Amministrazione civica, AMT e le associazioni Ascom\/Confcommercio, Confesercenti e Confindustria del turismo per\u00a0spingere visitatori e turisti\u00a0all\u2019utilizzo della rete dei trasporti urbani.<\/span><\/p>\n<p style=\"margin: 0cm; margin-bottom: .0001pt; text-align: justify; background: white;\"><span style=\"font-family: 'Arial',sans-serif; color: black;\">\u00a0<\/span><\/p>\n<p style=\"margin: 0cm; margin-bottom: .0001pt; text-align: justify; background: white;\"><span style=\"font-family: 'Arial',sans-serif; color: black;\">Grazie a questo accordo le strutture ricettive della citt\u00e0 potranno vendere i titoli di viaggio AMT e fornire ai turisti le necessarie informazioni per muoversi in citt\u00e0 utilizzando l\u2019articolata rete di trasporto pubblico urbano che Genova offre.<\/span><\/p>\n<p style=\"margin: 0cm; margin-bottom: .0001pt; text-align: justify; background: white;\"><span style=\"font-family: 'Arial',sans-serif; color: black;\">\u00a0<\/span><\/p>\n<p style=\"margin: 0cm; margin-bottom: .0001pt; text-align: justify; background: white;\"><span style=\"font-family: 'Arial',sans-serif; color: black;\">\u201cLavoriamo per rendere Genova una citt\u00e0 sempre pi\u00f9 attrattiva. I mezzi di traporto\u00a0tipici della nostra citt\u00e0 \u2013 sottolineano l\u2019assessore al turismo Paola Bordilli e l\u2019assessore alla mobilit\u00e0 Stefano Balleari \u2013\u00a0sono in grado di attrarre sicuramente l'interesse\u00a0dei turisti: gli ascensori scenografici, le\u00a0funicolari che dal livello del mare salgono sulle colline offrendo viste panoramiche uniche\u00a0o il\u00a0trenino di Casella che dal centro della citt\u00e0 risale verso il primo entroterra con\u00a0amene localit\u00e0 tutte da scoprire La scelta \u2013 continuano gli assessori \u2013 vuole naturalmente favorire la circolazione, diminuire l'impatto ambientale e contribuire alla maggiore vivibilit\u00e0\u00a0della citt\u00e0\u201d.<\/span><\/p>\n<p style=\"margin: 0cm; margin-bottom: .0001pt; text-align: justify; background: white;\"><span style=\"font-family: 'Arial',sans-serif; color: black;\">\u00a0<\/span><\/p>\n<p style=\"margin: 0cm; margin-bottom: .0001pt; text-align: justify; background: white;\"><span style=\"font-family: 'Arial',sans-serif; color: black;\">Oggi\u00a0esistono speciali titoli di viaggio AMT dedicati\u00a0al turista, come il Genova Pass (biglietto 24h) o la Card Musei che include l'utilizzo dei trasporti pubblici, inoltre, sono in via di rilascio nuove funzionalit\u00e0 per la APP AMT e una nuova sezione dedicata ai turisti sul sito web aziendale.<\/span><\/p>\n<p style=\"margin: 0cm; margin-bottom: .0001pt; text-align: justify; background: white;\"><span style=\"font-family: 'Arial',sans-serif; color: black;\">\u00a0<\/span><\/p>\n<p style=\"margin: 0cm; margin-bottom: .0001pt; text-align: justify; background: white;\"><span style=\"font-family: 'Arial',sans-serif; color: black;\">\u201cI turisti sono un segmento di clientela in forte crescita e con bisogni specifici, come servizio e come informazioni \u2013 dichiara Marco Beltrami Amministratore Unico di AMT \u2013 Come AMT ne siamo consapevoli e stiamo progressivamente potenziando la nostra offerta nei loro confronti. Collaborazione con le strutture alberghiere, biglietto 24H online in italiano e inglese, materiale promozionale plurilingue per la visita della citt\u00e0 con i mezzi pubblici, rappresentano concrete iniziative nei confronti di un target sempre pi\u00f9 importante nell'economia cittadina\u201d<\/span><span style=\"font-family: 'Verdana',sans-serif; color: black;\">.<\/span><\/p>\n<p style=\"margin: 0cm; margin-bottom: .0001pt; text-align: justify; background: white;\"><span style=\"font-family: 'Verdana',sans-serif; color: black;\">\u00a0<\/span><\/p>\n<p style=\"margin: 0cm; margin-bottom: .0001pt; text-align: justify; background: white;\"><span style=\"font-family: 'Arial',sans-serif; color: black;\">\u201cAbbiamo messo a sistema un rapporto pi\u00f9 stretto tra il trasporto pubblico e i turisti \u2013 sostengono <span style=\"background: white;\">Laura Gazzolo (Confindustria), Gianluca Faziola (Ascom) e Andrea Dameri (Confesercenti)\u00a0<\/span>\u2013. Tutto questo ci aiuter\u00e0 a invogliare a visitare la citt\u00e0 con i mezzi pubblici anzich\u00e9 in auto\u201d.<\/span><\/p>\n<p style=\"margin: 0cm; margin-bottom: .0001pt; background: white;\"><span style=\"font-family: 'Verdana',sans-serif; color: black;\">\u00a0<\/span><\/p>\n<p style=\"margin: 0cm; margin-bottom: .0001pt; text-align: justify; background: white;\"><span style=\"font-family: 'Arial',sans-serif; color: black;\">Grazie a questo accordo, oltre ai\u00a0diversi e gi\u00e0 operativi canali virtuali di biglietteria, AMT offrir\u00e0 dunque a\u00a0tutti gli alberghi\u00a0l'opportunit\u00e0 di diventare rivenditori di titoli di viaggio.<\/span><\/p>\n<p style=\"margin: 0cm; margin-bottom: .0001pt; text-align: justify; background: white;\"><span style=\"font-family: 'Arial',sans-serif; color: black;\">\u00a0<\/span><\/p>\n<p style=\"margin: 0cm; margin-bottom: .0001pt; text-align: justify; background: white;\"><span style=\"font-family: 'Arial',sans-serif; color: black;\">A supporto di questo AMT ha sviluppato e distribuir\u00e0 agli alberghi materiale promozionale dedicato sia a formare gli operatori delle strutture ricettive sui temi del TPL, sia ad accompagnare i turisti alla scoperta della citt\u00e0 con i mezzi pubblici. Il Comune di Genova si \u00e8 impegnato a farsi promotore\u00a0di tutte le opportunit\u00e0 offerte dal trasporto pubblico cittadino\u00a0attraverso un'adeguata visibilit\u00e0 sul sito di marketing territoriale\u00a0<\/span><span style=\"font-family: 'Arial',sans-serif; color: #005a95;\"><a href=\"https:\/\/urlsand.esvalabs.com\/?u=http%3A%2F%2Fwww.visitgenoa.it%2F&amp;e=c8a47f22&amp;h=950b2110&amp;f=n&amp;p=y\"><span style=\"color: #005a95;\">www.visitgenoa.it<\/span><\/a><\/span><span style=\"font-family: 'Arial',sans-serif; color: black;\">, le informazioni sulla rete, sui diversi\u00a0titoli di viaggio <em><span style=\"font-family: 'Arial',sans-serif;\">tourist tailored<\/span><\/em>,\u00a0oltre che attraverso il contatto diretto con i 370mila turisti che ogni anno si rivolgono alla rete degli uffici IAT che saranno riforniti da AMT di materiale promozionale.<\/span><\/p>\n<p style=\"margin: 0cm; margin-bottom: .0001pt; text-align: justify; background: white;\"><span style=\"font-family: 'Arial',sans-serif; color: black;\">\u00a0<\/span><\/p>\n<p style=\"margin: 0cm; margin-bottom: .0001pt; text-align: justify; background: white;\"><span style=\"font-family: 'Arial',sans-serif; color: black;\">Le associazioni di categoria, dal canto loro, si sono impegnate\u00a0a\u00a0promuovere l'adesione dei loro associati alla rete di vendita e distribuzione AMT, garantendo un ruolo attivo nell'informare l'ospite delle opportunit\u00e0 fornite dalla rete di trasporti pubblici, formare\u00a0il personale della\u00a0reception sulle\u00a0opportunit\u00e0 e le offerte che AMT render\u00e0 disponibili.<\/span><\/p>\n<p><em>Comunicato stampa del Comune di Genova<\/em><\/p>\n<p><a href=\"\/amt\/wp-content\/uploads\/2019\/03\/Brochure-turistiche-AMT.jpg\" target=\"_blank\" rel=\"noopener\">Foto Brochures turistiche prodotte da AMT<\/a><\/p>\n ","protected":false},"excerpt":{"rendered":"Siglato marted\u00ec 19 marzo, nel Salone di Rappresentanza di Palazzo Tursi,\u00a0un accordo di collaborazione tra l'Amministrazione civica, AMT e le associazioni Ascom\/Confcommercio, Confesercenti e Confindustria del turismo per\u00a0spingere visitatori e turisti\u00a0all\u2019utilizzo della rete dei trasporti urbani. \u00a0 Grazie a questo accordo le strutture ricettive della citt\u00e0 potranno vendere i titoli di viaggio AMT e fornire ai turisti le necessarie informazioni&nbsp;<a href=\"https:\/\/www.amt.genova.it\/amt\/gli-albergatori-potranno-vendere-titoli-di-viaggio-amt-ai-turisti\/\" class=\"read-more\">Continue Reading<\/a>","protected":false},"author":2,"featured_media":18960,"comment_status":"closed","ping_status":"open","sticky":false,"template":"","format":"standard","meta":{"footnotes":""},"categories":[56,4],"tags":[],"class_list":["post-18961","post","type-post","status-publish","format-standard","has-post-thumbnail","hentry","category-homepage","category-notizie","cat-56-id","cat-4-id"],"_links":{"self":[{"href":"https:\/\/www.amt.genova.it\/amt\/wp-json\/wp\/v2\/posts\/18961","targetHints":{"allow":["GET"]}}],"collection":[{"href":"https:\/\/www.amt.genova.it\/amt\/wp-json\/wp\/v2\/posts"}],"about":[{"href":"https:\/\/www.amt.genova.it\/amt\/wp-json\/wp\/v2\/types\/post"}],"author":[{"embeddable":true,"href":"https:\/\/www.amt.genova.it\/amt\/wp-json\/wp\/v2\/users\/2"}],"replies":[{"embeddable":true,"href":"https:\/\/www.amt.genova.it\/amt\/wp-json\/wp\/v2\/comments?post=18961"}],"version-history":[{"count":3,"href":"https:\/\/www.amt.genova.it\/amt\/wp-json\/wp\/v2\/posts\/18961\/revisions"}],"predecessor-version":[{"id":18968,"href":"https:\/\/www.amt.genova.it\/amt\/wp-json\/wp\/v2\/posts\/18961\/revisions\/18968"}],"wp:featuredmedia":[{"embeddable":true,"href":"https:\/\/www.amt.genova.it\/amt\/wp-json\/wp\/v2\/media\/18960"}],"wp:attachment":[{"href":"https:\/\/www.amt.genova.it\/amt\/wp-json\/wp\/v2\/media?parent=18961"}],"wp:term":[{"taxonomy":"category","embeddable":true,"href":"https:\/\/www.amt.genova.it\/amt\/wp-json\/wp\/v2\/categories?post=18961"},{"taxonomy":"post_tag","embeddable":true,"href":"https:\/\/www.amt.genova.it\/amt\/wp-json\/wp\/v2\/tags?post=18961"}],"curies":[{"name":"wp","href":"https:\/\/api.w.org\/{rel}","templated":true}]}}