{"id":18947,"date":"2019-03-18T16:39:57","date_gmt":"2019-03-18T15:39:57","guid":{"rendered":"https:\/\/www.amt.genova.it\/amt\/?p=18947"},"modified":"2019-03-19T17:54:50","modified_gmt":"2019-03-19T16:54:50","slug":"la-ferrovia-genova-casella-si-prepara-a-celebrare-i-90-anni-e-cambia-look","status":"publish","type":"post","link":"https:\/\/www.amt.genova.it\/amt\/la-ferrovia-genova-casella-si-prepara-a-celebrare-i-90-anni-e-cambia-look\/","title":{"rendered":"La Ferrovia Genova Casella si prepara \u00a0a celebrare i 90 anni e cambia look"},"content":{"rendered":"<p>Inaugurata nel <strong>1929<\/strong>, la <strong>ferrovia Genova Casella<\/strong> <strong>compie<\/strong> quest\u2019anno <strong>90 anni;<\/strong> un traguardo considerevole per il treno storico che, da quasi un secolo, porta genovesi e turisti alla scoperta delle <strong>tre valli<\/strong>, Bisagno, Polcevera e Scrivia, attraverso panorami mozzafiato.<\/p>\n<p>In attesa di compiere gli anni il 1\u00b0 settembre, la ferrovia <strong>si prepara cominciando dal look. <\/strong>Una <strong>nuova livrea celebrativa<\/strong> <strong>dedicata ai 90 anni<\/strong> vestir\u00e0 alcune elettromotrici e carrozze del trenino, a partire dall\u2019elettromotrice A12. Con questa livrea Regione Liguria e AMT vogliono vivere, insieme ai tanti viaggiatori che utilizzeranno il treno nei mesi primaverili ed estivi, l\u2019attesa della grande festa che si celebrer\u00e0 proprio il 1\u00b0 settembre.<\/p>\n<p>Una nuova livrea realizzata su misura per una \u201cvecchia signora\u201d che in realt\u00e0 \u00e8 al passo con <strong>le pi\u00f9<\/strong> <strong>moderne tecnologie<\/strong> applicate al trasporto. In questi ultimi anni, infatti, la ferrovia Genova Casella si \u00e8 trasformata grazie ai finanziamenti che Regione Liguria ha stanziato per il rinnovamento tecnologico dell\u2019impianto, sia delle vetture sia della linea. Tutte le elettromotrici sono oggi dotate del <strong>Vigilante attivo<\/strong>, il sistema di sicurezza che verifica l\u2019effettiva presenza vigile del macchinista, e del <strong>Simon<\/strong>, il Sistema di Monitoraggio Satellitare gi\u00e0 applicato da AMT sul parco bus. I rallentamenti lungo linea sono diminuiti, tanto che oggi il tempo di percorrenza su tutta la tratta \u00e8 inferiore all\u2019ora.<\/p>\n<p>I nuovi progetti gi\u00e0 avviati riguardano: il <em>revamping<\/em> di 4 elettromotrici e l\u2019adeguamento del deposito di Casella che, nel corso del 2020, diventer\u00e0 la seconda officina della ferrovia. Inoltre, il Ministero dei Trasporti metter\u00e0 a disposizione oltre 18 milioni di euro nell\u2019ambito del \u201cPiano nazionale sicurezza ferrovie non interconnesse\u201d; questo finanziamento consentir\u00e0, in particolare per la ferrovia Genova Casella, di progettare e realizzare il nuovo sistema di controllo di sicurezza dell\u2019esercizio ferroviario in presenza di eventuali gravi criticit\u00e0.<\/p>\n<p><strong>\u00a0<\/strong><strong>\u00a0<\/strong>\"Uno dei primi atti che ho fatto in Regione - ha dichiarato l'Assessore regionale ai Trasporti <strong>Gianni Berrino<\/strong> - \u00e8 stato sbloccare i lavori che hanno permesso la riapertura del trenino di Casella che, oltre ad essere un mezzo di trasporto utile per gli abitanti della vallata, \u00e8 anche una grande attrattiva che convoglia numerosi turisti interessati a riscoprire e a vivere appieno le bellezze dell'entroterra genovese\".<\/p>\n<p>\u201cIn novant\u2019anni tante cose cambiano, le citt\u00e0 si modificano e variano le esigenze dei cittadini. Apparentemente sembra che la ferrovia Genova Casella sia l\u2019unica cosa rimasta uguale negli anni, invece \u00e8 molto cambiata \u2013 ha sottolineato <strong>Marco Beltrami<\/strong> Amministratore unico di AMT - Nuove tecnologie sono state inserite, nuovi apparati per la sicurezza installati, tante modifiche sono state fatte al tracciato. Tutto per renderla sempre attuale e in linea con le esigenze della clientela\u201d.<\/p>\n<p><strong>\u00a0<\/strong>La nuova livrea \u00e8 caratterizzata dal logo retr\u00f2 ispirato alla storia della ferrovia; il logo \u00e8 stato realizzato e donato a Regione Liguria e ad AMT dalla societ\u00e0 di Firenze STM Engeeniring, che sta eseguendo la progettazione del <em>revamping<\/em> di alcune macchine, compreso il locomotore storico 29.<\/p>\n<p><strong>\u00a0<\/strong><strong>Caratteristiche della Ferrovia<\/strong><\/p>\n<p>La ferrovia Genova Casella \u00e8 un treno storico, a scartamento ridotto. Si snoda su un percorso lungo circa <strong>25 km<\/strong> caratterizzato da forti pendenze, crinali appenninici e dirupi, quasi come una \u201cferrovia di montagna\u201d; le curve caratterizzano infatti il <strong>45%<\/strong> del tragitto per una <strong>pendenza massima<\/strong> del 45 per mille. La ferrovia parte da Genova Manin, a quota 93 metri, per giungere ai 410 metri del capolinea di Casella, dopo aver valicato Crocetta d\u2019Orero, il <strong>punto pi\u00f9 alto a 458 metri<\/strong>. Il treno ha una forte valenza turistica in quanto permette di raggiungere le splendide campagne e valli alle spalle di Genova. Il suo fascino attira da sempre gli appassionati del mondo ferroviario, gli amanti della storia e i turisti che desiderano esplorare l\u2019entroterra. Ogni anno la ferrovia \u00e8 utilizzata da oltre centomila viaggiatori.<\/p>\n<p><strong>I servizi offerti<\/strong><\/p>\n<p>Sono tanti i servizi e le possibilit\u00e0 che la ferrovia offre ai viaggiatori. Oltre al servizio ordinario quotidianamente programmato, vi \u00e8 la possibilit\u00e0 di prenotare treni speciali formati in particolare da vetture storiche caratteristiche del parco mezzi Genova Casella. Si tratta di vetture che hanno nella loro unicit\u00e0 un fascino particolare permettendo di effettuare veri e propri \u201cviaggi nel tempo\u201d. Comitive autonome o agenzie di viaggio possono riservare carrozze e richiedere servizi dedicati; tutte le informazioni si possono consultare su <a href=\"http:\/\/www.ferroviagenovacasella.it\/\">www.ferroviagenovacasella.it<\/a><\/p>\n<p><a href=\"https:\/\/www.amt.genova.it\/amt\/foto-gallery-presentazione-nuova-livrea-dei-90-anni-della-fgc\/\">Foto gallery<\/a><\/p>\n<p>&nbsp;<\/p>\n ","protected":false},"excerpt":{"rendered":"Inaugurata nel 1929, la ferrovia Genova Casella compie quest\u2019anno 90 anni; un traguardo considerevole per il treno storico che, da quasi un secolo, porta genovesi e turisti alla scoperta delle tre valli, Bisagno, Polcevera e Scrivia, attraverso panorami mozzafiato. In attesa di compiere gli anni il 1\u00b0 settembre, la ferrovia si prepara cominciando dal look. Una nuova livrea celebrativa dedicata&nbsp;<a href=\"https:\/\/www.amt.genova.it\/amt\/la-ferrovia-genova-casella-si-prepara-a-celebrare-i-90-anni-e-cambia-look\/\" class=\"read-more\">Continue Reading<\/a>","protected":false},"author":2,"featured_media":18989,"comment_status":"closed","ping_status":"open","sticky":false,"template":"","format":"standard","meta":{"footnotes":""},"categories":[56,4],"tags":[],"class_list":["post-18947","post","type-post","status-publish","format-standard","has-post-thumbnail","hentry","category-homepage","category-notizie","cat-56-id","cat-4-id"],"_links":{"self":[{"href":"https:\/\/www.amt.genova.it\/amt\/wp-json\/wp\/v2\/posts\/18947","targetHints":{"allow":["GET"]}}],"collection":[{"href":"https:\/\/www.amt.genova.it\/amt\/wp-json\/wp\/v2\/posts"}],"about":[{"href":"https:\/\/www.amt.genova.it\/amt\/wp-json\/wp\/v2\/types\/post"}],"author":[{"embeddable":true,"href":"https:\/\/www.amt.genova.it\/amt\/wp-json\/wp\/v2\/users\/2"}],"replies":[{"embeddable":true,"href":"https:\/\/www.amt.genova.it\/amt\/wp-json\/wp\/v2\/comments?post=18947"}],"version-history":[{"count":2,"href":"https:\/\/www.amt.genova.it\/amt\/wp-json\/wp\/v2\/posts\/18947\/revisions"}],"predecessor-version":[{"id":18988,"href":"https:\/\/www.amt.genova.it\/amt\/wp-json\/wp\/v2\/posts\/18947\/revisions\/18988"}],"wp:featuredmedia":[{"embeddable":true,"href":"https:\/\/www.amt.genova.it\/amt\/wp-json\/wp\/v2\/media\/18989"}],"wp:attachment":[{"href":"https:\/\/www.amt.genova.it\/amt\/wp-json\/wp\/v2\/media?parent=18947"}],"wp:term":[{"taxonomy":"category","embeddable":true,"href":"https:\/\/www.amt.genova.it\/amt\/wp-json\/wp\/v2\/categories?post=18947"},{"taxonomy":"post_tag","embeddable":true,"href":"https:\/\/www.amt.genova.it\/amt\/wp-json\/wp\/v2\/tags?post=18947"}],"curies":[{"name":"wp","href":"https:\/\/api.w.org\/{rel}","templated":true}]}}